{"id":22225,"date":"2025-10-14T18:59:21","date_gmt":"2025-10-14T21:59:21","guid":{"rendered":"https:\/\/diariodocomercio.com.br\/mix\/?p=22225"},"modified":"2025-10-14T18:59:23","modified_gmt":"2025-10-14T21:59:23","slug":"craque-neto-nao-mede-as-palavras-e-esculacha-william-bonner-no-donos-da-bola","status":"publish","type":"post","link":"https:\/\/diariodocomercio.com.br\/mix\/craque-neto-nao-mede-as-palavras-e-esculacha-william-bonner-no-donos-da-bola\/","title":{"rendered":"Craque Neto n\u00e3o mede as palavras e esculacha William Bonner no Donos da Bola"},"content":{"rendered":"\n<p>No programa &#8220;Os Donos da Bola&#8221;, <strong>Craque Neto<\/strong> criticou <strong>William Bonner, <\/strong>\u00e2ncora do Jornal Nacional na Globo. O motivo foi um coment\u00e1rio de Bonner feito durante o evento &#8220;Upfront&#8221;, da Globo, sobre a retomada da F\u00f3rmula 1 pela emissora carioca em 2026, ap\u00f3s cinco anos de transmiss\u00e3o pela Band.<\/p>\n\n\n\n<p>Bonner questionou em tom ir\u00f4nico se o p\u00fablico ainda sabia o que era F\u00f3rmula 1, o que gerou imediato descontentamento na Band.<\/p>\n\n\n\n<p><em>\u201cVoc\u00ea \u00e9 t\u00e3o babaca, t\u00e3o idiota, at\u00e9 porque voc\u00ea fica dentro de um Jornal Nacional, que voc\u00ea l\u00ea TP (teleprompter), n\u00e9? Eu n\u00e3o leio TP, irm\u00e3o. E eu sou analfabeto&#8221;, <\/em>disparou Neto ao vivo.<\/p>\n\n\n\n<p>A Band transmitiu a F\u00f3rmula 1 de 2021 a 2025, ap\u00f3s a Globo ter aberto m\u00e3o do contrato anterior devido a cortes de custos. O an\u00fancio do retorno da F\u00f3rmula 1 \u00e0 Globo, feito em julho de 2025 para transmiss\u00e3o a partir de 2026, envolve quest\u00f5es financeiras e exige grandes esfor\u00e7os da equipe. Essa troca de emissora movimentou o setor e gerou rea\u00e7\u00f5es intensas.<\/p>\n\n\n\n<h2 class=\"wp-block-heading\">Band e a F\u00f3rmula 1<\/h2>\n\n\n\n<p>Durante o programa, Neto expressou sua insatisfa\u00e7\u00e3o com o coment\u00e1rio de Bonner, enfatizando as dificuldades enfrentadas pela Band para manter a F\u00f3rmula 1 e a dedica\u00e7\u00e3o exemplar dos profissionais envolvidos.&nbsp;<\/p>\n\n\n\n<p>A transmiss\u00e3o da F\u00f3rmula 1 pela Band elevou sua import\u00e2ncia no cen\u00e1rio esportivo. A decis\u00e3o da Globo de retomar os direitos levanta quest\u00f5es sobre a competitividade no mercado de transmiss\u00f5es esportivas de grande porte.<\/p>\n","protected":false},"excerpt":{"rendered":"<p>No programa &#8220;Os Donos da Bola&#8221;, Craque Neto criticou William Bonner.<\/p>\n","protected":false},"author":12,"featured_media":22226,"comment_status":"closed","ping_status":"closed","sticky":false,"template":"","format":"standard","meta":{"jnews-multi-image_gallery":[],"jnews_single_post":{"format":"standard"},"jnews_primary_category":[],"jnews_social_meta":[],"jnews_override_counter":[],"jnews_post_split":[],"footnotes":""},"categories":[1],"tags":[],"class_list":["post-22225","post","type-post","status-publish","format-standard","has-post-thumbnail","hentry","category-geral"],"_referencia":"","_links":{"self":[{"href":"https:\/\/diariodocomercio.com.br\/mix\/wp-json\/wp\/v2\/posts\/22225","targetHints":{"allow":["GET"]}}],"collection":[{"href":"https:\/\/diariodocomercio.com.br\/mix\/wp-json\/wp\/v2\/posts"}],"about":[{"href":"https:\/\/diariodocomercio.com.br\/mix\/wp-json\/wp\/v2\/types\/post"}],"author":[{"embeddable":true,"href":"https:\/\/diariodocomercio.com.br\/mix\/wp-json\/wp\/v2\/users\/12"}],"replies":[{"embeddable":true,"href":"https:\/\/diariodocomercio.com.br\/mix\/wp-json\/wp\/v2\/comments?post=22225"}],"version-history":[{"count":1,"href":"https:\/\/diariodocomercio.com.br\/mix\/wp-json\/wp\/v2\/posts\/22225\/revisions"}],"predecessor-version":[{"id":22227,"href":"https:\/\/diariodocomercio.com.br\/mix\/wp-json\/wp\/v2\/posts\/22225\/revisions\/22227"}],"wp:featuredmedia":[{"embeddable":true,"href":"https:\/\/diariodocomercio.com.br\/mix\/wp-json\/wp\/v2\/media\/22226"}],"wp:attachment":[{"href":"https:\/\/diariodocomercio.com.br\/mix\/wp-json\/wp\/v2\/media?parent=22225"}],"wp:term":[{"taxonomy":"category","embeddable":true,"href":"https:\/\/diariodocomercio.com.br\/mix\/wp-json\/wp\/v2\/categories?post=22225"},{"taxonomy":"post_tag","embeddable":true,"href":"https:\/\/diariodocomercio.com.br\/mix\/wp-json\/wp\/v2\/tags?post=22225"}],"curies":[{"name":"wp","href":"https:\/\/api.w.org\/{rel}","templated":true}]}}