{"id":22228,"date":"2025-10-14T19:21:00","date_gmt":"2025-10-14T22:21:00","guid":{"rendered":"https:\/\/diariodocomercio.com.br\/mix\/?p=22228"},"modified":"2025-10-14T19:12:35","modified_gmt":"2025-10-14T22:12:35","slug":"mudanca-no-calendario-do-bolsa-familia-veja-quando-o-beneficio-sera-pago-em-outubro","status":"publish","type":"post","link":"https:\/\/diariodocomercio.com.br\/mix\/mudanca-no-calendario-do-bolsa-familia-veja-quando-o-beneficio-sera-pago-em-outubro\/","title":{"rendered":"Mudan\u00e7a no calend\u00e1rio do Bolsa Fam\u00edlia? Veja quando o benef\u00edcio ser\u00e1 pago em outubro"},"content":{"rendered":"\n<p>O<strong> Bolsa Fam\u00edlia<\/strong> de outubro de 2025 come\u00e7ar\u00e1 a ser pago no dia 20. Os benefici\u00e1rios em todo o Brasil receber\u00e3o o aux\u00edlio conforme o \u00faltimo d\u00edgito do N\u00famero de Identifica\u00e7\u00e3o Social (NIS), em um processo que se estender\u00e1 at\u00e9 o dia 31. As fam\u00edlias ser\u00e3o atendidas em prazos programados, garantindo que todas recebam os valores de forma ordenada.<\/p>\n\n\n\n<p>O Bolsa Fam\u00edlia \u00e9 um programa fundamental para minimizar a vulnerabilidade socioecon\u00f4mica no pa\u00eds. Seus pagamentos s\u00e3o estrategicamente organizados para evitar aglomera\u00e7\u00f5es nos locais de saque.<\/p>\n\n\n\n<p>Os locais de pagamento incluem ag\u00eancias da Caixa Econ\u00f4mica Federal, caixas eletr\u00f4nicos, casas lot\u00e9ricas e correspondentes banc\u00e1rios. Al\u00e9m disso, o<strong> aplicativo Caixa Tem<\/strong> facilita a movimenta\u00e7\u00e3o digital dos cr\u00e9ditos.<\/p>\n\n\n\n<h2 class=\"wp-block-heading\">Datas de pagamento<\/h2>\n\n\n\n<p>Em outubro, os pagamentos ser\u00e3o feitos de forma sequencial ao longo dos \u00faltimos dez dias \u00fateis do m\u00eas. O pagamento iniciar\u00e1 no dia 20 e seguir\u00e1 at\u00e9 31 de outubro, baseando-se no NIS. Isso assegura uma distribui\u00e7\u00e3o eficiente e evita sobrecargas no sistema banc\u00e1rio.<\/p>\n\n\n\n<p><strong>Confira as datas de repasse:<\/strong><\/p>\n\n\n\n<ul class=\"wp-block-list\">\n<li>Final do NIS 1: 20\/10<\/li>\n\n\n\n<li>Final do NIS 2: 21\/10<\/li>\n\n\n\n<li>Final do NIS 3: 22\/10<\/li>\n\n\n\n<li>Final do NIS 4: 23\/10<\/li>\n\n\n\n<li>Final do NIS 5: 24\/10<\/li>\n\n\n\n<li>Final do NIS 6: 27\/10<\/li>\n\n\n\n<li>Final do NIS 7: 28\/10<\/li>\n\n\n\n<li>Final do NIS 8: 29\/10<\/li>\n\n\n\n<li>Final do NIS 9: 30\/10<\/li>\n\n\n\n<li>Final do NIS 0: 31\/10<\/li>\n<\/ul>\n\n\n\n<h2 class=\"wp-block-heading\">Extras no benef\u00edcio<\/h2>\n\n\n\n<p>O Bolsa Fam\u00edlia 2025 assegura um<strong> valor m\u00ednimo de R$ 600<\/strong> por fam\u00edlia, com adicionais baseados na composi\u00e7\u00e3o familiar. Adicionais incluem <strong>R$ 150 <\/strong>para crian\u00e7as de at\u00e9 6 anos, e<strong> R$ 50<\/strong> para gestantes e jovens entre 7 e 18 anos. Por exemplo, o Benef\u00edcio Vari\u00e1vel Familiar Nutriz oferece<strong> R$ 50 <\/strong>para m\u00e3es com beb\u00eas de at\u00e9 seis meses.<\/p>\n\n\n\n<p>As fam\u00edlias devem ter uma renda per capita de at\u00e9 R$ 218 e estar cadastradas no Cadastro \u00danico (Cad\u00danico). Manter os dados atualizados \u00e9 crucial, assim como o cumprimento de requisitos como frequ\u00eancia escolar das crian\u00e7as e vacina\u00e7\u00e3o em dia.<\/p>\n","protected":false},"excerpt":{"rendered":"<p>Os benefici\u00e1rios em todo o Brasil receber\u00e3o o aux\u00edlio conforme o \u00faltimo d\u00edgito do NIS. Veja quando.<\/p>\n","protected":false},"author":12,"featured_media":16504,"comment_status":"closed","ping_status":"closed","sticky":false,"template":"","format":"standard","meta":{"jnews-multi-image_gallery":[],"jnews_single_post":{"format":"standard"},"jnews_primary_category":[],"jnews_social_meta":[],"jnews_override_counter":[],"jnews_post_split":[],"footnotes":""},"categories":[1],"tags":[],"class_list":["post-22228","post","type-post","status-publish","format-standard","has-post-thumbnail","hentry","category-geral"],"_referencia":"","_links":{"self":[{"href":"https:\/\/diariodocomercio.com.br\/mix\/wp-json\/wp\/v2\/posts\/22228","targetHints":{"allow":["GET"]}}],"collection":[{"href":"https:\/\/diariodocomercio.com.br\/mix\/wp-json\/wp\/v2\/posts"}],"about":[{"href":"https:\/\/diariodocomercio.com.br\/mix\/wp-json\/wp\/v2\/types\/post"}],"author":[{"embeddable":true,"href":"https:\/\/diariodocomercio.com.br\/mix\/wp-json\/wp\/v2\/users\/12"}],"replies":[{"embeddable":true,"href":"https:\/\/diariodocomercio.com.br\/mix\/wp-json\/wp\/v2\/comments?post=22228"}],"version-history":[{"count":1,"href":"https:\/\/diariodocomercio.com.br\/mix\/wp-json\/wp\/v2\/posts\/22228\/revisions"}],"predecessor-version":[{"id":22235,"href":"https:\/\/diariodocomercio.com.br\/mix\/wp-json\/wp\/v2\/posts\/22228\/revisions\/22235"}],"wp:featuredmedia":[{"embeddable":true,"href":"https:\/\/diariodocomercio.com.br\/mix\/wp-json\/wp\/v2\/media\/16504"}],"wp:attachment":[{"href":"https:\/\/diariodocomercio.com.br\/mix\/wp-json\/wp\/v2\/media?parent=22228"}],"wp:term":[{"taxonomy":"category","embeddable":true,"href":"https:\/\/diariodocomercio.com.br\/mix\/wp-json\/wp\/v2\/categories?post=22228"},{"taxonomy":"post_tag","embeddable":true,"href":"https:\/\/diariodocomercio.com.br\/mix\/wp-json\/wp\/v2\/tags?post=22228"}],"curies":[{"name":"wp","href":"https:\/\/api.w.org\/{rel}","templated":true}]}}