{"id":22298,"date":"2025-10-15T15:42:16","date_gmt":"2025-10-15T18:42:16","guid":{"rendered":"https:\/\/diariodocomercio.com.br\/mix\/?p=22298"},"modified":"2025-10-15T15:42:19","modified_gmt":"2025-10-15T18:42:19","slug":"esta-esperando-a-aprovacao-do-seu-beneficio-do-inss-veja-como-esta-o-tamanho-da-fila","status":"publish","type":"post","link":"https:\/\/diariodocomercio.com.br\/mix\/esta-esperando-a-aprovacao-do-seu-beneficio-do-inss-veja-como-esta-o-tamanho-da-fila\/","title":{"rendered":"Est\u00e1 esperando a aprova\u00e7\u00e3o do seu benef\u00edcio do INSS? Veja como est\u00e1 o tamanho da fila"},"content":{"rendered":"\n<p>A\u00a0fila de espera do INSS\u00a0voltou a preocupar: segundo dados de\u00a0agosto de 2025, h\u00e1\u00a02,6 milh\u00f5es de requerimentos pendentes de an\u00e1lise no \u00f3rg\u00e3o. O n\u00famero mais que dobrou em rela\u00e7\u00e3o a agosto de 2024, quando\u00a01,1 milh\u00e3o de brasileiros\u00a0aguardavam a libera\u00e7\u00e3o de aposentadorias, pens\u00f5es e aux\u00edlios.<\/p>\n\n\n\n<p>O\u00a0tempo m\u00e9dio de concess\u00e3o\u00a0dos benef\u00edcios est\u00e1 em\u00a042 dias, mas h\u00e1 casos que se arrastam por meses, especialmente os que dependem de\u00a0per\u00edcia m\u00e9dica. Especialistas alertam que o avan\u00e7o da fila representa n\u00e3o apenas um gargalo administrativo, mas tamb\u00e9m uma\u00a0crise social e econ\u00f4mica, que afeta diretamente quem depende do benef\u00edcio para sobreviver.<\/p>\n\n\n\n<blockquote class=\"wp-block-quote is-layout-flow wp-block-quote-is-layout-flow\">\n<p>\u201cA demora atual n\u00e3o \u00e9 apenas uma quest\u00e3o burocr\u00e1tica, mas uma crise que atinge milh\u00f5es de brasileiros. Greves, paralisa\u00e7\u00f5es e falhas no sistema agravaram o problema\u201d, explica o advogado\u00a0<strong>Ruslan Stuchi<\/strong>, especialista em Direito Previdenci\u00e1rio.<\/p>\n<\/blockquote>\n\n\n\n<p>O cen\u00e1rio se agravou ap\u00f3s o\u00a0Instituto Nacional do Seguro Social (INSS)\u00a0suspender, por falta de recursos, o\u00a0Programa de Gerenciamento de Benef\u00edcios (PGB)\u00a0\u2014 principal iniciativa do governo para reduzir a fila de espera.<\/p>\n\n\n\n<p>O programa, criado em abril e transformado em lei em setembro, pagava\u00a0b\u00f4nus financeiros a servidores\u00a0que analisassem mais processos do que a meta di\u00e1ria. De acordo com o presidente do INSS,\u00a0Gilberto Waller Jr., a suspens\u00e3o foi necess\u00e1ria porque\u00a0faltou verba no or\u00e7amento. Ele solicitou ao\u00a0Minist\u00e9rio da Previd\u00eancia\u00a0uma\u00a0suplementa\u00e7\u00e3o de R$ 89,1 milh\u00f5es\u00a0para retomar as atividades.<\/p>\n\n\n\n<p>Com a interrup\u00e7\u00e3o, o \u00f3rg\u00e3o determinou que\u00a0nenhuma nova tarefa seja conclu\u00edda\u00a0pelo sistema de \u201can\u00e1lise extraordin\u00e1ria\u201d. Todos os processos pendentes voltam agora para a\u00a0fila comum de processamento, o que deve aumentar ainda mais o tempo de espera.<\/p>\n\n\n\n<h2 class=\"wp-block-heading\"><strong>Lula prometeu zerar fila, mas n\u00famero quase triplicou<\/strong><\/h2>\n\n\n\n<p>Quando o presidente&nbsp;<strong>Luiz In\u00e1cio Lula da Silva<\/strong>&nbsp;assumiu o governo, em janeiro de 2023, cerca de&nbsp;<strong>1,5 milh\u00e3o de brasileiros<\/strong>&nbsp;aguardavam resposta do INSS. Desde ent\u00e3o, o n\u00famero&nbsp;<strong>subiu para quase 3 milh\u00f5es<\/strong>, segundo dados internos do \u00f3rg\u00e3o.<\/p>\n\n\n\n<p>A&nbsp;<strong>paralisa\u00e7\u00e3o de peritos m\u00e9dicos<\/strong>, a&nbsp;<strong>greve de servidores<\/strong>, e as&nbsp;<strong>falhas nos sistemas de an\u00e1lise<\/strong>&nbsp;contribu\u00edram para o aumento. Al\u00e9m disso, o ritmo de contrata\u00e7\u00f5es de novos servidores e de moderniza\u00e7\u00e3o digital ficou abaixo do esperado.<\/p>\n\n\n\n<h2 class=\"wp-block-heading\"><strong>O que o governo diz<\/strong><\/h2>\n\n\n\n<p>Em nota, o&nbsp;<strong>INSS<\/strong>&nbsp;afirmou que a suspens\u00e3o do PGB \u00e9&nbsp;<strong>tempor\u00e1ria e preventiva<\/strong>, para \u201cpreservar a integridade or\u00e7ament\u00e1ria do programa\u201d e garantir que os pagamentos aos servidores sejam feitos corretamente. O \u00f3rg\u00e3o tamb\u00e9m diz trabalhar \u201cem articula\u00e7\u00e3o com o Minist\u00e9rio da Previd\u00eancia para recompor o or\u00e7amento e retomar o programa o quanto antes\u201d.<\/p>\n\n\n\n<h3 class=\"wp-block-heading\"><strong>Dicas para quem est\u00e1 na fila<\/strong><\/h3>\n\n\n\n<p>Advogados previdenci\u00e1rios orientam que quem aguarda resposta:<\/p>\n\n\n\n<ul class=\"wp-block-list\">\n<li><strong>Acompanhe o pedido pelo app ou site \u201cMeu INSS\u201d<\/strong>;<\/li>\n\n\n\n<li><strong>Fique atento a exig\u00eancias de documentos<\/strong>, que costumam travar o processo;<\/li>\n\n\n\n<li>Caso o benef\u00edcio esteja parado h\u00e1 mais de\u00a0<strong>45 dias<\/strong>, \u00e9 poss\u00edvel\u00a0<strong>registrar reclama\u00e7\u00e3o na Ouvidoria do INSS<\/strong>\u00a0ou at\u00e9 recorrer \u00e0\u00a0<strong>Justi\u00e7a Federal<\/strong>.<\/li>\n<\/ul>\n","protected":false},"excerpt":{"rendered":"<p>A\u00a0fila de espera do INSS\u00a0voltou a preocupar: segundo dados de\u00a0agosto de 2025, h\u00e1\u00a02,6 milh\u00f5es de requerimentos pendentes de an\u00e1lise no \u00f3rg\u00e3o. O n\u00famero mais que dobrou em rela\u00e7\u00e3o a agosto de 2024, quando\u00a01,1 milh\u00e3o de brasileiros\u00a0aguardavam a libera\u00e7\u00e3o de aposentadorias, pens\u00f5es e aux\u00edlios. O\u00a0tempo m\u00e9dio de concess\u00e3o\u00a0dos benef\u00edcios est\u00e1 em\u00a042 dias, mas h\u00e1 casos que [&hellip;]<\/p>\n","protected":false},"author":9,"featured_media":12611,"comment_status":"closed","ping_status":"closed","sticky":false,"template":"","format":"standard","meta":{"jnews-multi-image_gallery":[],"jnews_single_post":{"format":"standard"},"jnews_primary_category":[],"jnews_social_meta":[],"jnews_override_counter":[],"jnews_post_split":[],"footnotes":""},"categories":[1],"tags":[],"class_list":["post-22298","post","type-post","status-publish","format-standard","has-post-thumbnail","hentry","category-geral"],"_referencia":"","_links":{"self":[{"href":"https:\/\/diariodocomercio.com.br\/mix\/wp-json\/wp\/v2\/posts\/22298","targetHints":{"allow":["GET"]}}],"collection":[{"href":"https:\/\/diariodocomercio.com.br\/mix\/wp-json\/wp\/v2\/posts"}],"about":[{"href":"https:\/\/diariodocomercio.com.br\/mix\/wp-json\/wp\/v2\/types\/post"}],"author":[{"embeddable":true,"href":"https:\/\/diariodocomercio.com.br\/mix\/wp-json\/wp\/v2\/users\/9"}],"replies":[{"embeddable":true,"href":"https:\/\/diariodocomercio.com.br\/mix\/wp-json\/wp\/v2\/comments?post=22298"}],"version-history":[{"count":1,"href":"https:\/\/diariodocomercio.com.br\/mix\/wp-json\/wp\/v2\/posts\/22298\/revisions"}],"predecessor-version":[{"id":22310,"href":"https:\/\/diariodocomercio.com.br\/mix\/wp-json\/wp\/v2\/posts\/22298\/revisions\/22310"}],"wp:featuredmedia":[{"embeddable":true,"href":"https:\/\/diariodocomercio.com.br\/mix\/wp-json\/wp\/v2\/media\/12611"}],"wp:attachment":[{"href":"https:\/\/diariodocomercio.com.br\/mix\/wp-json\/wp\/v2\/media?parent=22298"}],"wp:term":[{"taxonomy":"category","embeddable":true,"href":"https:\/\/diariodocomercio.com.br\/mix\/wp-json\/wp\/v2\/categories?post=22298"},{"taxonomy":"post_tag","embeddable":true,"href":"https:\/\/diariodocomercio.com.br\/mix\/wp-json\/wp\/v2\/tags?post=22298"}],"curies":[{"name":"wp","href":"https:\/\/api.w.org\/{rel}","templated":true}]}}