{"id":22304,"date":"2025-10-15T15:46:08","date_gmt":"2025-10-15T18:46:08","guid":{"rendered":"https:\/\/diariodocomercio.com.br\/mix\/?p=22304"},"modified":"2025-10-15T15:46:10","modified_gmt":"2025-10-15T18:46:10","slug":"limite-de-r-1-mil-por-pix-governo-estipula-regras-para-transacoes","status":"publish","type":"post","link":"https:\/\/diariodocomercio.com.br\/mix\/limite-de-r-1-mil-por-pix-governo-estipula-regras-para-transacoes\/","title":{"rendered":"Limite de R$ 1 mil por Pix: governo estipula regras para transa\u00e7\u00f5es"},"content":{"rendered":"\n<p>O Banco Central anunciou algumas novidades para o Pix, o m\u00e9todo de pagamento queridinho dos brasileiros, ent\u00e3o \u00e9 melhor ficar atento. O banco vai mudar alguns hor\u00e1rios e limites envolvendo as transa\u00e7\u00f5es por meio de Pix, com o objetivo de garantir mais seguran\u00e7a nessas transa\u00e7\u00f5es. Entenda o que vai mudar.<\/p>\n\n\n\n<p>Durante o dia, n\u00e3o existe limite de valor nas transfer\u00eancias Pix entre pessoas f\u00edsicas. As novas diretrizes definem esse per\u00edodo diurno como das 6h \u00e0s 20h. podendo ser estendido at\u00e9 as 22h mediante solicita\u00e7\u00e3o do cliente junto \u00e0 institui\u00e7\u00e3o financeira respons\u00e1vel.  No per\u00edodo noturno, que come\u00e7a \u00e0s 20h (ou \u00e0s 22h, se voc\u00ea conseguir a extens\u00e3o), <strong><span style=\"text-decoration: underline\">o limite passa a ser de R$ 1 mil<\/span><\/strong>, mesmo quando a transfer\u00eancia for feita entre duas pessoas f\u00edsicas. <\/p>\n\n\n\n<p>Segundo o Jornal de Piracicaba, esse limite para as transi\u00e7\u00f5es Pix no hor\u00e1rio noturno foi adotado como uma forma de prevenir crimes envolvendo movimenta\u00e7\u00f5es financeiras na parte da noite. <em>&#8220;As mudan\u00e7as seguem determina\u00e7\u00f5es do Banco Central implementadas ap\u00f3s o aumento de casos de fraudes e crimes envolvendo o Pix desde 2023&#8221;<\/em>, afirma o jornal.<\/p>\n\n\n\n<h2 class=\"wp-block-heading\">Confira os limites de valor para todos os tipos de transa\u00e7\u00f5es Pix:<\/h2>\n\n\n\n<h3 class=\"wp-block-heading\">Recebedores pessoas f\u00edsicas<\/h3>\n\n\n\n<ul class=\"wp-block-list\">\n<li>das 6h \u00e0s 20h: igual ao limite di\u00e1rio para TED;<\/li>\n\n\n\n<li>das 20h \u00e0s 6h: limite de R$1.000,00 (pode ser ajustado para das 22h \u00e0s 6h, a pedido do usu\u00e1rio).<\/li>\n<\/ul>\n\n\n\n<h3 class=\"wp-block-heading\">Recebedores pessoas jur\u00eddicas<\/h3>\n\n\n\n<ul class=\"wp-block-list\">\n<li>igual ao limite di\u00e1rio para TED, a menos que o usu\u00e1rio solicite outro valor.<\/li>\n<\/ul>\n\n\n\n<p><strong>Observa\u00e7\u00e3o<\/strong>: se a institui\u00e7\u00e3o n\u00e3o oferece TED, os limites n\u00e3o podem ser menores que os das transfer\u00eancias entre contas do pr\u00f3prio banco, a menos que o usu\u00e1rio solicite.<\/p>\n\n\n\n<h3 class=\"wp-block-heading\">Limites de Pix Saque e Pix Troco para<\/h3>\n\n\n\n<p><strong>a) estabelecimentos comerciais ou participantes do Pix que ofere\u00e7am Pix Saque ou Pix Troco para usu\u00e1rios:<\/strong><\/p>\n\n\n\n<ul class=\"wp-block-list\">\n<li>das 6h \u00e0s 20h: at\u00e9 R$3.000,00 por transa\u00e7\u00e3o;<\/li>\n\n\n\n<li>das 20h \u00e0s 6h: at\u00e9 R$1.000,00 por transa\u00e7\u00e3o;<\/li>\n<\/ul>\n\n\n\n<p><strong>b) usu\u00e1rios que desejem fazer um Pix Saque ou Pix Troco:<\/strong><\/p>\n\n\n\n<ul class=\"wp-block-list\">\n<li>das 6h \u00e0s 20h: entre R$1.000,00 e R$3.000,00 por per\u00edodo;<\/li>\n\n\n\n<li>das 20h \u00e0s 6h: limite de R$1.000,00 (pode ser ajustado para das 22h \u00e0s 6h, a pedido do usu\u00e1rio) por per\u00edodo;<\/li>\n\n\n\n<li>Observa\u00e7\u00e3o: para o Pix Troco, o limite se aplica apenas ao valor em esp\u00e9cie fornecido.<\/li>\n<\/ul>\n\n\n\n<h3 class=\"wp-block-heading\">Limite de Pix Agendado<\/h3>\n\n\n\n<ul class=\"wp-block-list\">\n<li>por dia: igual ao limite di\u00e1rio para TED<\/li>\n\n\n\n<li>das 20h \u00e0s 24h: R$ 1.000,00, quando o agendamento for programado para o dia seguinte;<\/li>\n<\/ul>\n\n\n\n<h3 class=\"wp-block-heading\">Limite de Pix Autom\u00e1tico<\/h3>\n\n\n\n<ul class=\"wp-block-list\">\n<li>por dia: igual ao limite di\u00e1rio para TED.<\/li>\n<\/ul>\n\n\n\n<style>@media (min-width: 992px) {\n    .recomendadorV2Area1 {\n        width: 280px;\n    }\n    .recomendadorV2Area2 {\n        padding: 0px 20px;\n        width: calc(100% - 280px);\n    }\n}\n\n@media (max-width: 992px) {\n    .recomendadorV2Button {\n        margin: 0 auto;\n    }\n    .recomendadorV2Area {\n        flex-direction: column;\n        text-align: center;\n    }\n    .recomendadorV2Area2 {\n        padding: 0px 20px;\n    }\n}\n\n.recomendadorV2Area {\n    background: #eeeeee3d;\n    border-radius: 10px;\n    padding: 15px;\n    display: flex;\n    margin: 15px auto;\n    border: 1px solid #00000014;\n    max-width: 800px;\n}\n\n.recomendadorV2Area1 img {\n    width: 280px;\n    height: auto;\n    border-radius: 8px;\n}\n\n.linkrecomendadorv2 {\n    text-decoration: none !important;\n}\n\n.recomendadorV2Area2 .recomendadorV2Type {\n    text-transform: uppercase;\n    font-weight: 500;\n    font-size: 11px;\n    letter-spacing: 2px;\n    color: #666;\n    margin: 12px 0;\n    display: block;\n}\n\n.recomendadorV2Title h2 {\n    padding-top: 0px !important;\n    margin: 0px !important;\n    border-left: none !important;\n    padding-left: 0px !important;\n    line-height: 1.3;\n    color: #000 !important;\n    font-size: 24px;\n    margin-bottom: 12px !important;\n}\n\n.recomendadorV2Desc {\n    color: #333;\n    margin: 12px 0px !important;\n    font-size: 15px;\n    line-height: 1.5;\n}\n\n.recomendadorV2Button {\n    width: auto;\n    max-width: 200px;\n    margin: 0;\n    display: inline-flex;\n    align-items: center;\n    background: #1D3557;\n    border-radius: 8px;\n    color: #fff;\n    height: 36px;\n    justify-content: center;\n    text-align: center;\n    font-size: 14px;\n    padding: 0 20px;\n    transition: background-color 0.2s ease;\n}\n\n.recomendadorV2Button:hover {\n    background: #2a4d7a;\n}\n\n.recomendadorV2Button:after {\n    margin-top: -2px;\n    content: \"\u2192\";\n    padding: 0px 0px 0px 8px;\n}\n\n.recomendadorV2Alert {\n    text-align: left;\n    font-size: 11px;\n    margin-top: 8px;\n    color: #666;\n}\n\n.recomendadorFixedArea {\n    width: 100%;\n    display: flex;\n    justify-content: center;\n    align-items: center;\n}\n\n@media (min-width: 992px) {\n    #recomendadorFixed {\n        width: 32% !important;\n        left: 5%;\n    }\n    .recomendadorCloseFixed{\n        right: inherit !important;\n        left: 378px !important;\n    }\n}\n\n#recomendadorFixed {\n    width: 90%;\n    box-shadow: 0 10px 20px 0px #00000057;\n    display: none;\n    height: 90px;\n    background: #F6F6F6;\n    position: fixed;\n    flex-direction: row;\n    bottom: 10px;\n    z-index: 9999;\n    border-radius: 16px;\n    padding: 7px 10px;\n}\n\n.recomendadorLeftArea {\n    width: 160px;\n}\n\n.recomendadorRightArea h2 {\n    padding-top: 0px;\n    margin: 2px 0px 4px 0px !important;\n    font-weight: 400;\n    text-align: center;\n    padding-left: 0px !important;\n    color: #000 !important;\n    border-left: none !important;\n    line-height: 20px;\n    font-size: 12px !important;\n}\n\n.recomendadorImgFixed {\n    overflow: hidden;\n    padding: 8px 6px;\n    height: 100%;\n}\n\n.recomendadorImgFixed img {\n    height: 100% !important;\n    border-radius: 16px;\n}\n\n.recomendadorRightArea {\n    padding-top: 6px;\n    display: flex;\n    width: calc(100% - 130px);\n    justify-content: space-between;\n    align-items: center;\n    flex-direction: column;\n}\n\n.recomendadorButtonFixed {\n    margin: 0 auto;\n    background: #1D3557;\n    width: 80%;\n    text-align: center;\n    font-size: 10px;\n    color: #FFF;\n    padding: 2px 10px;\n    border-radius: 3px;\n}\n\n.recomendadorButtonFixed:after {\n    margin-top: -3px;\n    content: \"\u2192\";\n    padding: 0px 0px 0px 10px;\n}\n\n.recomendadorAlertFixed {\n    font-weight: 400;\n    text-align: center;\n    color: #484848;\n    font-size: 8px;\n}\n\n.recomendadorCloseFixed {\n    z-index: 99999;\n    display: none;\n    right: 0px;\n    left: inherit;\n    bottom: 99px;\n    position: fixed;\n    justify-content: center;\n    background: #F6F6F6;\n    width: 25px;\n    align-items: center;\n    height: 25px;\n    font-weight: 800;\n    border-radius: 50%;\n    border: 1px solid #EBEBEB;\n}\n\n.recomendadorV2Desc{\n    color: #000000;\n    margin: 20px 0px;\n}\n\n@media (max-width: 576px) {\n    .recomendadorV2Area {\n      padding: 10px;\n      max-width: 100%;\n    }\n  \n    .recomendadorV2Area1 img {\n      width: 100%;\n      border-radius: 6px;\n    }\n  \n    .recomendadorV2Area2 .recomendadorV2Type {\n      font-size: 9px;\n      letter-spacing: 1px;\n      margin: 8px 0;\n    }\n  \n    .recomendadorV2Title h2 {\n      font-size: 18px !important;\n      margin-bottom: 8px !important;\n      line-height: 1.2;\n    }\n  \n    .recomendadorV2Desc {\n      font-size: 14px;\n      margin: 8px 0 !important;\n      line-height: 1.4;\n    }\n  \n    .recomendadorV2Button {\n      font-size: 14px;\n      height: 40px;\n      padding: 0 12px;\n      max-width: 100%;\n      width: 100%;\n    }\n  \n    .recomendadorV2Button:after {\n      padding-left: 6px;\n    }\n  }\n  <\/style>\n        <div class=\"lazyblock-recomendador-v2-2jDGz wp-block-lazyblock-recomendador-v2\">\n        <a class=\"linkrecomendadorv2\" href=\"https:\/\/diariodocomercio.com.br\/mix\/o-jeito-certo-de-guardar-morangos-para-que-nao-fiquem-pretos-rapido\/\">\n            <div class=\"recomendadorV2Area\">\n            <div class=\"recomendadorV2Area1\">\n                <div class=\"recomendadorV2Img\">\n                <img class=\"lazyloaded\" decoding=\"async\" src=\"https:\/\/diariodocomercio.com.br\/mix\/wp-content\/uploads\/2025\/08\/morango.jpg\" data-src=\"https:\/\/diariodocomercio.com.br\/mix\/wp-content\/uploads\/2025\/08\/morango.jpg\" alt=\"\">\n                <\/div>\n            <\/div>\n            <div class=\"recomendadorV2Area2\">\n                <div class=\"recomendadorV2Type\">\n                    <span>ALIMENTA\u00c7\u00c3O<\/span>\n                <\/div>\n                <div class=\"recomendadorV2Title\">\n                <h2><span>O jeito certo de guardar morangos para que n\u00e3o fiquem pretos r\u00e1pido<\/span><\/h2>\n                <\/div>\n                <div class=\"recomendadorV2Desc\">\n                <span>Confira algumas dicas simples de como armazenar morangos em casa para manter essas frutas frescas por mais tempo.<\/span>\n                <\/div>\n                <div class=\"recomendadorV2Button\">Leia mais<\/div>\n                <div class=\"recomendadorV2Alert\"><\/div>\n            <\/div>\n            <\/div>\n        <\/a>\n        <div>\n            <div style=\"z-index:99999;\" id=\"buttonClose\" onclick=\"closeRecomendadorFixed()\">\n            <div class=\"recomendadorCloseFixed\">X<\/div>\n            <\/div>\n            <a href=\"https:\/\/diariodocomercio.com.br\/mix\/o-jeito-certo-de-guardar-morangos-para-que-nao-fiquem-pretos-rapido\/\">\n            <div class=\"recomendadorFixedArea\">\n                <div id=\"recomendadorFixed\">\n                <div class=\"recomendadorLeftArea\">\n                    <div class=\"recomendadorImgFixed\">\n                    <img class=\"lazyload\" decoding=\"async\" src=\"https:\/\/diariodocomercio.com.br\/mix\/wp-content\/uploads\/2025\/08\/morango.jpg\" alt=\"\">\n                    <\/div>\n                <\/div>\n                <div class=\"recomendadorRightArea\">\n                    <div class=\"recomendadorTitleFixed\">\n                    <h2><span>O jeito certo de guardar morangos para que n\u00e3o fiquem pretos r\u00e1pido<\/span><\/h2>\n                    <\/div>\n                    <div class=\"recomendadorButtonFixed\">Leia mais<\/div>\n                    <div class=\"recomendadorAlertFixed\"><\/div>\n                <\/div>\n                <\/div>\n            <\/div>\n            <\/a>\n        <\/div>\n        <\/div>\n","protected":false},"excerpt":{"rendered":"<p>O Banco Central anunciou algumas novidades para o Pix, o m\u00e9todo de pagamento queridinho dos brasileiros, ent\u00e3o \u00e9 melhor ficar atento. O banco vai mudar alguns hor\u00e1rios e limites envolvendo as transa\u00e7\u00f5es por meio de Pix, com o objetivo de garantir mais seguran\u00e7a nessas transa\u00e7\u00f5es. Entenda o que vai mudar. Durante o dia, n\u00e3o existe [&hellip;]<\/p>\n","protected":false},"author":6,"featured_media":3423,"comment_status":"closed","ping_status":"closed","sticky":false,"template":"","format":"standard","meta":{"jnews-multi-image_gallery":[],"jnews_single_post":{"format":"standard"},"jnews_primary_category":[],"jnews_social_meta":[],"jnews_override_counter":[],"jnews_post_split":[],"footnotes":""},"categories":[1],"tags":[],"class_list":["post-22304","post","type-post","status-publish","format-standard","has-post-thumbnail","hentry","category-geral"],"_referencia":"","_links":{"self":[{"href":"https:\/\/diariodocomercio.com.br\/mix\/wp-json\/wp\/v2\/posts\/22304","targetHints":{"allow":["GET"]}}],"collection":[{"href":"https:\/\/diariodocomercio.com.br\/mix\/wp-json\/wp\/v2\/posts"}],"about":[{"href":"https:\/\/diariodocomercio.com.br\/mix\/wp-json\/wp\/v2\/types\/post"}],"author":[{"embeddable":true,"href":"https:\/\/diariodocomercio.com.br\/mix\/wp-json\/wp\/v2\/users\/6"}],"replies":[{"embeddable":true,"href":"https:\/\/diariodocomercio.com.br\/mix\/wp-json\/wp\/v2\/comments?post=22304"}],"version-history":[{"count":1,"href":"https:\/\/diariodocomercio.com.br\/mix\/wp-json\/wp\/v2\/posts\/22304\/revisions"}],"predecessor-version":[{"id":22314,"href":"https:\/\/diariodocomercio.com.br\/mix\/wp-json\/wp\/v2\/posts\/22304\/revisions\/22314"}],"wp:featuredmedia":[{"embeddable":true,"href":"https:\/\/diariodocomercio.com.br\/mix\/wp-json\/wp\/v2\/media\/3423"}],"wp:attachment":[{"href":"https:\/\/diariodocomercio.com.br\/mix\/wp-json\/wp\/v2\/media?parent=22304"}],"wp:term":[{"taxonomy":"category","embeddable":true,"href":"https:\/\/diariodocomercio.com.br\/mix\/wp-json\/wp\/v2\/categories?post=22304"},{"taxonomy":"post_tag","embeddable":true,"href":"https:\/\/diariodocomercio.com.br\/mix\/wp-json\/wp\/v2\/tags?post=22304"}],"curies":[{"name":"wp","href":"https:\/\/api.w.org\/{rel}","templated":true}]}}