{"id":22307,"date":"2025-10-15T15:56:00","date_gmt":"2025-10-15T18:56:00","guid":{"rendered":"https:\/\/diariodocomercio.com.br\/mix\/?p=22307"},"modified":"2025-10-15T15:37:23","modified_gmt":"2025-10-15T18:37:23","slug":"consulte-o-seu-cpf-e-veja-se-voce-tem-valores-a-receber-do-pis","status":"publish","type":"post","link":"https:\/\/diariodocomercio.com.br\/mix\/consulte-o-seu-cpf-e-veja-se-voce-tem-valores-a-receber-do-pis\/","title":{"rendered":"Consulte o seu CPF e veja se voc\u00ea tem valores a receber do PIS"},"content":{"rendered":"\n<p>Obter informa\u00e7\u00f5es sobre o<strong> saldo do PIS em 2025<\/strong> tornou-se uma tarefa simples para milh\u00f5es de trabalhadores do setor privado no Brasil. O acesso ao abono salarial pode ser feito diretamente com o CPF, permitindo que os benefici\u00e1rios realizem consultas e planejem suas finan\u00e7as sem sair de casa.&nbsp;<\/p>\n\n\n\n<p>Os trabalhadores que buscam verificar o saldo do PIS em 2025 devem atender a alguns crit\u00e9rios espec\u00edficos. O benefici\u00e1rio precisa estar cadastrado no PIS\/PASEP h\u00e1 pelo menos cinco anos. \u00c9 essencial tamb\u00e9m ter trabalhado com carteira assinada por um per\u00edodo m\u00ednimo de 30 dias em 2023, com uma remunera\u00e7\u00e3o mensal m\u00e9dia de at\u00e9 dois sal\u00e1rios m\u00ednimos.&nbsp;<\/p>\n\n\n\n<h2 class=\"wp-block-heading\">Ferramentas digitais para consulta ao PIS<\/h2>\n\n\n\n<p>A tecnologia modernizou o acesso \u00e0s informa\u00e7\u00f5es do PIS, tornando-o mais pr\u00e1tico. Aplicativos como a <strong>Carteira de Trabalho Digital<\/strong> e o<strong> Caixa Trabalhador <\/strong>s\u00e3o disponibilizados para facilitar esse processo.<\/p>\n\n\n\n<p>O acesso \u00e9 simplificado: ap\u00f3s efetuar login com o CPF, o trabalhador deve acessar a se\u00e7\u00e3o de benef\u00edcios e selecionar a op\u00e7\u00e3o de abono salarial. Esses canais digitais oferecem um m\u00e9todo seguro e eficiente para a realiza\u00e7\u00e3o das consultas.<\/p>\n\n\n\n<p>A introdu\u00e7\u00e3o de novos m\u00e9todos de acesso trouxe significativa conveni\u00eancia aos trabalhadores. O <strong>aplicativo FGTS, <\/strong>por exemplo, \u00e9 uma ferramenta que permite ao usu\u00e1rio localizar o n\u00famero do PIS.<\/p>\n\n\n\n<p>Al\u00e9m disso, o <strong>site do CNIS <\/strong>tamb\u00e9m disponibiliza acesso, requisitando apenas o CPF, nome completo e data de nascimento do trabalhador. Os trabalhadores que preferem m\u00e9todos mais convencionais ainda podem optar por realizar a consulta via telefone, utilizando os servi\u00e7os oferecidos pela Caixa Econ\u00f4mica e pelo INSS.<\/p>\n","protected":false},"excerpt":{"rendered":"<p>O acesso ao abono salarial pode ser feito diretamente com o CPF. Veja como.<\/p>\n","protected":false},"author":12,"featured_media":11602,"comment_status":"closed","ping_status":"closed","sticky":false,"template":"","format":"standard","meta":{"jnews-multi-image_gallery":[],"jnews_single_post":{"format":"standard"},"jnews_primary_category":[],"jnews_social_meta":[],"jnews_override_counter":[],"jnews_post_split":[],"footnotes":""},"categories":[1],"tags":[],"class_list":["post-22307","post","type-post","status-publish","format-standard","has-post-thumbnail","hentry","category-geral"],"_referencia":"","_links":{"self":[{"href":"https:\/\/diariodocomercio.com.br\/mix\/wp-json\/wp\/v2\/posts\/22307","targetHints":{"allow":["GET"]}}],"collection":[{"href":"https:\/\/diariodocomercio.com.br\/mix\/wp-json\/wp\/v2\/posts"}],"about":[{"href":"https:\/\/diariodocomercio.com.br\/mix\/wp-json\/wp\/v2\/types\/post"}],"author":[{"embeddable":true,"href":"https:\/\/diariodocomercio.com.br\/mix\/wp-json\/wp\/v2\/users\/12"}],"replies":[{"embeddable":true,"href":"https:\/\/diariodocomercio.com.br\/mix\/wp-json\/wp\/v2\/comments?post=22307"}],"version-history":[{"count":1,"href":"https:\/\/diariodocomercio.com.br\/mix\/wp-json\/wp\/v2\/posts\/22307\/revisions"}],"predecessor-version":[{"id":22308,"href":"https:\/\/diariodocomercio.com.br\/mix\/wp-json\/wp\/v2\/posts\/22307\/revisions\/22308"}],"wp:featuredmedia":[{"embeddable":true,"href":"https:\/\/diariodocomercio.com.br\/mix\/wp-json\/wp\/v2\/media\/11602"}],"wp:attachment":[{"href":"https:\/\/diariodocomercio.com.br\/mix\/wp-json\/wp\/v2\/media?parent=22307"}],"wp:term":[{"taxonomy":"category","embeddable":true,"href":"https:\/\/diariodocomercio.com.br\/mix\/wp-json\/wp\/v2\/categories?post=22307"},{"taxonomy":"post_tag","embeddable":true,"href":"https:\/\/diariodocomercio.com.br\/mix\/wp-json\/wp\/v2\/tags?post=22307"}],"curies":[{"name":"wp","href":"https:\/\/api.w.org\/{rel}","templated":true}]}}