{"id":22309,"date":"2025-10-15T16:18:00","date_gmt":"2025-10-15T19:18:00","guid":{"rendered":"https:\/\/diariodocomercio.com.br\/mix\/?p=22309"},"modified":"2025-10-15T15:42:22","modified_gmt":"2025-10-15T18:42:22","slug":"lula-se-reune-com-ministros-do-stf-para-discutir-substituto","status":"publish","type":"post","link":"https:\/\/diariodocomercio.com.br\/mix\/lula-se-reune-com-ministros-do-stf-para-discutir-substituto\/","title":{"rendered":"Lula se re\u00fane com ministros do STF para discutir substituto"},"content":{"rendered":"\n<p>Luiz In\u00e1cio <strong>Lula<\/strong> da Silva (PT), presidente do Brasil, reuniu-se na noite desta ter\u00e7a-feira, 14 de outubro, com ministros do <strong>Supremo Tribunal Federal <\/strong>(STF) no Pal\u00e1cio da Alvorada. Estiveram presentes Gilmar Mendes, Alexandre de Moraes, Fl\u00e1vio Dino, Cristiano Zanin e o ministro da Justi\u00e7a, Ricardo Lewandowski. O objetivo do encontro foi discutir a indica\u00e7\u00e3o do <strong>substituto de Lu\u00eds Roberto Barroso<\/strong> no STF.<\/p>\n\n\n\n<p>Jorge Messias, atual advogado-geral da Uni\u00e3o, \u00e9 apontado como o principal candidato ao cargo. Ele desfruta de um relacionamento pr\u00f3ximo com Lula e almeja a indica\u00e7\u00e3o. No entanto, o senador Rodrigo Pacheco (PSD-MG) tamb\u00e9m \u00e9 um forte concorrente, possuindo apoio de membros influentes do STF, como Gilmar Mendes e Fl\u00e1vio Dino.<\/p>\n\n\n\n<h2 class=\"wp-block-heading\">Apoio de Alcolumbre\u00a0<\/h2>\n\n\n\n<p><strong>Davi Alcolumbre<\/strong>, presidente do Senado, estaria desempenhando um papel estrat\u00e9gico na sucess\u00e3o de Barroso. Ele apoia Pacheco e utiliza sua influ\u00eancia no Senado para influenciar a decis\u00e3o de Lula. Alcolumbre pode acelerar ou retardar o processo de aprova\u00e7\u00e3o do indicado, uma jogada pol\u00edtica que aumenta a complexidade do cen\u00e1rio.<\/p>\n\n\n\n<p>Enquanto isso, Lula enfrenta a necessidade de equilibrar diferentes for\u00e7as pol\u00edticas e assegurar que seu candidato escolhido obede\u00e7a aos interesses do Executivo.<\/p>\n\n\n\n<h2 class=\"wp-block-heading\">Press\u00e3o sobre Lula&nbsp;<\/h2>\n\n\n\n<p>Lula est\u00e1 sob press\u00e3o para formalizar sua escolha rapidamente, evitando que o apoio a Rodrigo Pacheco ganhe mais for\u00e7a entre os membros do STF e a c\u00fapula pol\u00edtica. A <strong>confian\u00e7a <\/strong>ser\u00e1 essencial na decis\u00e3o de Lula, repetindo o padr\u00e3o visto em nomea\u00e7\u00f5es anteriores, como as de Cristiano Zanin e Fl\u00e1vio Dino.<\/p>\n\n\n\n<p>Jorge Messias \u00e9 visto como um aliado de longa data da esquerda e do PT, elevando suas chances no Executivo. Nos pr\u00f3ximos dias, a escolha deve ser anunciada, com Lula buscando um nome que n\u00e3o apenas mere\u00e7a sua confian\u00e7a, mas tamb\u00e9m se mostre apto.<\/p>\n","protected":false},"excerpt":{"rendered":"<p>Presidente se reuniu com ministros do STF no Pal\u00e1cio da Alvorada. <\/p>\n","protected":false},"author":12,"featured_media":15729,"comment_status":"closed","ping_status":"closed","sticky":false,"template":"","format":"standard","meta":{"jnews-multi-image_gallery":[],"jnews_single_post":{"format":"standard"},"jnews_primary_category":[],"jnews_social_meta":[],"jnews_override_counter":[],"jnews_post_split":[],"footnotes":""},"categories":[1],"tags":[],"class_list":["post-22309","post","type-post","status-publish","format-standard","has-post-thumbnail","hentry","category-geral"],"_referencia":"","_links":{"self":[{"href":"https:\/\/diariodocomercio.com.br\/mix\/wp-json\/wp\/v2\/posts\/22309","targetHints":{"allow":["GET"]}}],"collection":[{"href":"https:\/\/diariodocomercio.com.br\/mix\/wp-json\/wp\/v2\/posts"}],"about":[{"href":"https:\/\/diariodocomercio.com.br\/mix\/wp-json\/wp\/v2\/types\/post"}],"author":[{"embeddable":true,"href":"https:\/\/diariodocomercio.com.br\/mix\/wp-json\/wp\/v2\/users\/12"}],"replies":[{"embeddable":true,"href":"https:\/\/diariodocomercio.com.br\/mix\/wp-json\/wp\/v2\/comments?post=22309"}],"version-history":[{"count":1,"href":"https:\/\/diariodocomercio.com.br\/mix\/wp-json\/wp\/v2\/posts\/22309\/revisions"}],"predecessor-version":[{"id":22311,"href":"https:\/\/diariodocomercio.com.br\/mix\/wp-json\/wp\/v2\/posts\/22309\/revisions\/22311"}],"wp:featuredmedia":[{"embeddable":true,"href":"https:\/\/diariodocomercio.com.br\/mix\/wp-json\/wp\/v2\/media\/15729"}],"wp:attachment":[{"href":"https:\/\/diariodocomercio.com.br\/mix\/wp-json\/wp\/v2\/media?parent=22309"}],"wp:term":[{"taxonomy":"category","embeddable":true,"href":"https:\/\/diariodocomercio.com.br\/mix\/wp-json\/wp\/v2\/categories?post=22309"},{"taxonomy":"post_tag","embeddable":true,"href":"https:\/\/diariodocomercio.com.br\/mix\/wp-json\/wp\/v2\/tags?post=22309"}],"curies":[{"name":"wp","href":"https:\/\/api.w.org\/{rel}","templated":true}]}}