{"id":22312,"date":"2025-10-15T16:10:31","date_gmt":"2025-10-15T19:10:31","guid":{"rendered":"https:\/\/diariodocomercio.com.br\/mix\/?p=22312"},"modified":"2025-10-15T16:10:33","modified_gmt":"2025-10-15T19:10:33","slug":"em-carta-psicografada-hebe-camargo-revela-como-e-a-vida-no-plano-espiritual","status":"publish","type":"post","link":"https:\/\/diariodocomercio.com.br\/mix\/em-carta-psicografada-hebe-camargo-revela-como-e-a-vida-no-plano-espiritual\/","title":{"rendered":"Em carta psicografada Hebe Camargo revela como \u00e9 a vida no plano espiritual"},"content":{"rendered":"\n<p>Uma suposta\u00a0carta psicografada atribu\u00edda \u00e0 apresentadora Hebe Camargo\u00a0voltou a repercutir nas redes sociais nos \u00faltimos dias. De acordo com o m\u00e9dium\u00a0Lino Zechetto, respons\u00e1vel pela psicografia, a mensagem teria sido recebida em\u00a02016, quatro anos ap\u00f3s a morte da \u201cgracinha\u201d, e foi divulgada no\u00a0Canal Esp\u00edrita, do YouTube, apresentado por\u00a0Luiz Fernando Amaral.<\/p>\n\n\n\n<p>Segundo o m\u00e9dium, Hebe \u2014 que faleceu em 2012 e foi um dos maiores nomes da televis\u00e3o brasileira \u2014 teria feito contato para tranquilizar familiares e f\u00e3s, afirmando estar bem e atuando em uma \u201cgrande fam\u00edlia espiritual\u201d voltada a trabalhos de amor e aux\u00edlio.<\/p>\n\n\n\n<blockquote class=\"wp-block-quote is-layout-flow wp-block-quote-is-layout-flow\">\n<p>\u201cPerten\u00e7o a uma grande fam\u00edlia na qual trabalhar para Jesus \u00e9 o foco principal. Fazemos o que for necess\u00e1rio para resgatarmos irm\u00e3os que necessitam muito de ajuda. Agimos tanto no plano espiritual quanto na crosta terrestre\u201d, diz um trecho da mensagem atribu\u00edda \u00e0 apresentadora.<\/p>\n<\/blockquote>\n\n\n\n<p>Na suposta carta, Hebe tamb\u00e9m teria refletido sobre sua trajet\u00f3ria na TV e o impacto que deseja causar agora, do outro lado da vida:<\/p>\n\n\n\n<blockquote class=\"wp-block-quote is-layout-flow wp-block-quote-is-layout-flow\">\n<p>\u201cConvivi grande parte da minha exist\u00eancia envolta \u00e0s luzes dos refletores, procurando levar entretenimento \u00e0s pessoas. Hoje me sinto na obriga\u00e7\u00e3o de esclarecer que aqui existe vida.\u201d<\/p>\n<\/blockquote>\n\n\n\n<p>A mensagem, descrita como \u201crepleta de serenidade e esperan\u00e7a\u201d, relata ainda que a comunicadora usaria seu&nbsp;<strong>carisma e alegria<\/strong>&nbsp;\u2014 marcas de sua carreira \u2014 para confortar e ajudar esp\u00edritos em sofrimento.<\/p>\n\n\n\n<blockquote class=\"wp-block-quote is-layout-flow wp-block-quote-is-layout-flow\">\n<p>\u201cAproveito de meu carisma pessoal, adquirido atrav\u00e9s de encarna\u00e7\u00f5es, para atrair pessoas momentaneamente perdidas. Ao me verem, reconhecem, me seguram as m\u00e3os, sorriem e me permitem oferecer ajuda\u201d, teria dito o suposto esp\u00edrito.<\/p>\n<\/blockquote>\n\n\n\n<p>Embora o conte\u00fado tenha sido divulgado originalmente em 2022, o v\u00eddeo voltou a circular e reacendeu o interesse do p\u00fablico sobre o tema.<\/p>\n\n\n\n<p>Vale ressaltar que\u00a0n\u00e3o h\u00e1 confirma\u00e7\u00e3o cient\u00edfica ou espiritualista un\u00e2nime\u00a0de que a mensagem tenha realmente origem na apresentadora. O pr\u00f3prio canal e o m\u00e9dium ressaltam que se trata de uma\u00a0psicografia recebida sob inspira\u00e7\u00e3o espiritual, cabendo a cada pessoa interpretar o conte\u00fado conforme sua cren\u00e7a.<\/p>\n","protected":false},"excerpt":{"rendered":"<p>Uma suposta\u00a0carta psicografada atribu\u00edda \u00e0 apresentadora Hebe Camargo\u00a0voltou a repercutir nas redes sociais nos \u00faltimos dias. De acordo com o m\u00e9dium\u00a0Lino Zechetto, respons\u00e1vel pela psicografia, a mensagem teria sido recebida em\u00a02016, quatro anos ap\u00f3s a morte da \u201cgracinha\u201d, e foi divulgada no\u00a0Canal Esp\u00edrita, do YouTube, apresentado por\u00a0Luiz Fernando Amaral. Segundo o m\u00e9dium, Hebe \u2014 que [&hellip;]<\/p>\n","protected":false},"author":9,"featured_media":22320,"comment_status":"closed","ping_status":"closed","sticky":false,"template":"","format":"standard","meta":{"jnews-multi-image_gallery":[],"jnews_single_post":{"format":"standard"},"jnews_primary_category":[],"jnews_social_meta":[],"jnews_override_counter":[],"jnews_post_split":[],"footnotes":""},"categories":[1],"tags":[],"class_list":["post-22312","post","type-post","status-publish","format-standard","has-post-thumbnail","hentry","category-geral"],"_referencia":"","_links":{"self":[{"href":"https:\/\/diariodocomercio.com.br\/mix\/wp-json\/wp\/v2\/posts\/22312","targetHints":{"allow":["GET"]}}],"collection":[{"href":"https:\/\/diariodocomercio.com.br\/mix\/wp-json\/wp\/v2\/posts"}],"about":[{"href":"https:\/\/diariodocomercio.com.br\/mix\/wp-json\/wp\/v2\/types\/post"}],"author":[{"embeddable":true,"href":"https:\/\/diariodocomercio.com.br\/mix\/wp-json\/wp\/v2\/users\/9"}],"replies":[{"embeddable":true,"href":"https:\/\/diariodocomercio.com.br\/mix\/wp-json\/wp\/v2\/comments?post=22312"}],"version-history":[{"count":1,"href":"https:\/\/diariodocomercio.com.br\/mix\/wp-json\/wp\/v2\/posts\/22312\/revisions"}],"predecessor-version":[{"id":22321,"href":"https:\/\/diariodocomercio.com.br\/mix\/wp-json\/wp\/v2\/posts\/22312\/revisions\/22321"}],"wp:featuredmedia":[{"embeddable":true,"href":"https:\/\/diariodocomercio.com.br\/mix\/wp-json\/wp\/v2\/media\/22320"}],"wp:attachment":[{"href":"https:\/\/diariodocomercio.com.br\/mix\/wp-json\/wp\/v2\/media?parent=22312"}],"wp:term":[{"taxonomy":"category","embeddable":true,"href":"https:\/\/diariodocomercio.com.br\/mix\/wp-json\/wp\/v2\/categories?post=22312"},{"taxonomy":"post_tag","embeddable":true,"href":"https:\/\/diariodocomercio.com.br\/mix\/wp-json\/wp\/v2\/tags?post=22312"}],"curies":[{"name":"wp","href":"https:\/\/api.w.org\/{rel}","templated":true}]}}