{"id":2232,"date":"2025-01-28T18:41:45","date_gmt":"2025-01-28T21:41:45","guid":{"rendered":"https:\/\/diariodocomercio.com.br\/mix\/?p=2232"},"modified":"2025-01-28T18:41:46","modified_gmt":"2025-01-28T21:41:46","slug":"quando-sai-o-resultado-do-prouni-2025-confira-o-cronograma","status":"publish","type":"post","link":"https:\/\/diariodocomercio.com.br\/mix\/quando-sai-o-resultado-do-prouni-2025-confira-o-cronograma\/","title":{"rendered":"Quando sai o resultado do Prouni 2025: confira o cronograma"},"content":{"rendered":"\n<p>As inscri\u00e7\u00f5es para o Prouni 2025 encerram nesta ter\u00e7a-feira (28). E acalmem o cora\u00e7\u00e3o, ansiosos: os resultados da primeira chamada ser\u00e3o divulgados no dia <strong>4 de fevereiro<\/strong>. J\u00e1 a segunda chamada sai no dia 28 de fevereiro. Quem tiver interesse em entrar na lista de espera precisa manifestar interesse nos dias 26 e 27 de mar\u00e7o e a divulga\u00e7\u00e3o da lista sai no dia 1\u00ba de abril.<\/p>\n\n\n\n<p>O Prouni, Programa Universidade para Todos, \u00e9 um programa do Minist\u00e9rio da Educa\u00e7\u00e3o que oferece bolsas de estudo em institui\u00e7\u00f5es particulares de educa\u00e7\u00e3o superior. S\u00e3o mais de 388 mil bolsas de estudo ofertadas ao redor do pa\u00eds em 403 cursos de cerca de mil institui\u00e7\u00f5es privadas.<\/p>\n\n\n\n<p>Os cursos com maior oferta de vagas s\u00e3o: <\/p>\n\n\n\n<ul class=\"wp-block-list\">\n<li>Administra\u00e7\u00e3o (27.101);<\/li>\n\n\n\n<li>Pedagogia (22.947);<\/li>\n\n\n\n<li>Direito (22.746);<\/li>\n\n\n\n<li>Ci\u00eancias Cont\u00e1beis (14.800);<\/li>\n\n\n\n<li>Educa\u00e7\u00e3o F\u00edsica (13.639).<\/li>\n<\/ul>\n\n\n\n<h2 class=\"wp-block-heading\">Confira a distribui\u00e7\u00e3o de vagas do Prouni 2025 pelos estados brasileiros:<\/h2>\n\n\n\n<ul class=\"wp-block-list\">\n<li>Acre &#8211; 1.359;<\/li>\n\n\n\n<li>Alagoas &#8211; 3.113;<\/li>\n\n\n\n<li>Amazonas &#8211; 7.797;<\/li>\n\n\n\n<li>Amap\u00e1 &#8211; 1.601;<\/li>\n\n\n\n<li>Bahia &#8211; 18.742;<\/li>\n\n\n\n<li>Cear\u00e1 &#8211; 11.279;<\/li>\n\n\n\n<li>Distrito Federal &#8211; 9.391;<\/li>\n\n\n\n<li>Esp\u00edrito Santo &#8211; 8.259;<\/li>\n\n\n\n<li>Goi\u00e1s &#8211; 15.786;<\/li>\n\n\n\n<li>Maranh\u00e3o &#8211; 9.911;<\/li>\n\n\n\n<li>Minas Gerais &#8211; 34.039;<\/li>\n\n\n\n<li>Mato Grosso do Sul &#8211; 3.079;<\/li>\n\n\n\n<li>Mato Grosso &#8211; 4.993;<\/li>\n\n\n\n<li>Par\u00e1 &#8211; 11.528;<\/li>\n\n\n\n<li>Para\u00edba &#8211; 4.710;<\/li>\n\n\n\n<li>Pernambuco &#8211; 13.290;<\/li>\n\n\n\n<li>Piau\u00ed &#8211; 3.876;<\/li>\n\n\n\n<li>Paran\u00e1 &#8211; 22.639;<\/li>\n\n\n\n<li>Rio de Janeiro &#8211; 19.209;<\/li>\n\n\n\n<li>Rio Grande do Norte &#8211; 2.790;<\/li>\n\n\n\n<li>Rond\u00f4nia &#8211; 2.930;<\/li>\n\n\n\n<li>Roraima &#8211; 953;<\/li>\n\n\n\n<li>Rio Grande do Sul &#8211; 14.538;<\/li>\n\n\n\n<li>Santa Catarina &#8211; 25.461;<\/li>\n\n\n\n<li>Sergipe &#8211; 3.084;<\/li>\n\n\n\n<li>S\u00e3o Paulo &#8211; 80.144;<\/li>\n\n\n\n<li>Tocantins &#8211; 3.943.<\/li>\n<\/ul>\n\n\n\n<h2 class=\"wp-block-heading\">Quem pode se inscrever no Prouni?<\/h2>\n\n\n\n<p>Os candidatos ao Prouni precisam fazer a prova do Enem e obter no m\u00ednimo 450 pontos na m\u00e9dia das cinco provas, comprovar renda fam\u00edlia bruta de at\u00e9 um sal\u00e1rio m\u00ednimo e meio (para bolsa integral) ou at\u00e9 tr\u00eas (para bolsa parcial). Os candidatos tamb\u00e9m precisam atender a essas condi\u00e7\u00f5es:<\/p>\n\n\n\n<ol class=\"wp-block-list\">\n<li>Tenha cursado:<br>\n<ul class=\"wp-block-list\">\n<li>o ensino m\u00e9dio integralmente em escola da rede p\u00fablica.<\/li>\n\n\n\n<li>o ensino m\u00e9dio integralmente em escola da rede particular, na condi\u00e7\u00e3o de bolsista integral da pr\u00f3pria escola.<\/li>\n\n\n\n<li>O ensino m\u00e9dio parcialmente em escola da rede p\u00fablica e parcialmente em escola da rede particular, na condi\u00e7\u00e3o de bolsista integral da pr\u00f3pria escola privada.<\/li>\n\n\n\n<li>o ensino m\u00e9dio parcialmente em escola da rede p\u00fablica e parcialmente em escola da rede particular, na condi\u00e7\u00e3o de bolsista parcial da pr\u00f3pria escola ou sem a condi\u00e7\u00e3o de bolsista.<\/li>\n\n\n\n<li>o ensino m\u00e9dio integralmente em institui\u00e7\u00e3o da rede particular, na condi\u00e7\u00e3o de bolsista parcial da respectiva institui\u00e7\u00e3o ou sem a condi\u00e7\u00e3o de bolsista.<\/li>\n<\/ul>\n<\/li>\n\n\n\n<li>Ser pessoa com defici\u00eancia.<\/li>\n\n\n\n<li>Ser professor da rede p\u00fablica de ensino, no efetivo exerc\u00edcio do magist\u00e9rio da educa\u00e7\u00e3o b\u00e1sica, integrante de quadro de pessoal permanente de institui\u00e7\u00e3o p\u00fablica e concorrer a bolsas exclusivamente nos cursos de licenciatura e pedagogia.<\/li>\n<\/ol>\n","protected":false},"excerpt":{"rendered":"<p>As inscri\u00e7\u00f5es para o Prouni 2025, que oferece mais de 380 mil bolsas em institui\u00e7\u00f5es de ensino superior privadas, terminam nesta ter\u00e7a (28).<\/p>\n","protected":false},"author":6,"featured_media":2234,"comment_status":"closed","ping_status":"closed","sticky":false,"template":"","format":"standard","meta":{"jnews-multi-image_gallery":[],"jnews_single_post":{"format":"standard"},"jnews_primary_category":[],"jnews_social_meta":[],"jnews_override_counter":[],"jnews_post_split":[],"footnotes":""},"categories":[1],"tags":[],"class_list":["post-2232","post","type-post","status-publish","format-standard","has-post-thumbnail","hentry","category-geral"],"_referencia":"","_links":{"self":[{"href":"https:\/\/diariodocomercio.com.br\/mix\/wp-json\/wp\/v2\/posts\/2232","targetHints":{"allow":["GET"]}}],"collection":[{"href":"https:\/\/diariodocomercio.com.br\/mix\/wp-json\/wp\/v2\/posts"}],"about":[{"href":"https:\/\/diariodocomercio.com.br\/mix\/wp-json\/wp\/v2\/types\/post"}],"author":[{"embeddable":true,"href":"https:\/\/diariodocomercio.com.br\/mix\/wp-json\/wp\/v2\/users\/6"}],"replies":[{"embeddable":true,"href":"https:\/\/diariodocomercio.com.br\/mix\/wp-json\/wp\/v2\/comments?post=2232"}],"version-history":[{"count":1,"href":"https:\/\/diariodocomercio.com.br\/mix\/wp-json\/wp\/v2\/posts\/2232\/revisions"}],"predecessor-version":[{"id":2242,"href":"https:\/\/diariodocomercio.com.br\/mix\/wp-json\/wp\/v2\/posts\/2232\/revisions\/2242"}],"wp:featuredmedia":[{"embeddable":true,"href":"https:\/\/diariodocomercio.com.br\/mix\/wp-json\/wp\/v2\/media\/2234"}],"wp:attachment":[{"href":"https:\/\/diariodocomercio.com.br\/mix\/wp-json\/wp\/v2\/media?parent=2232"}],"wp:term":[{"taxonomy":"category","embeddable":true,"href":"https:\/\/diariodocomercio.com.br\/mix\/wp-json\/wp\/v2\/categories?post=2232"},{"taxonomy":"post_tag","embeddable":true,"href":"https:\/\/diariodocomercio.com.br\/mix\/wp-json\/wp\/v2\/tags?post=2232"}],"curies":[{"name":"wp","href":"https:\/\/api.w.org\/{rel}","templated":true}]}}