{"id":22331,"date":"2025-10-19T13:47:00","date_gmt":"2025-10-19T16:47:00","guid":{"rendered":"https:\/\/diariodocomercio.com.br\/mix\/?p=22331"},"modified":"2025-10-15T16:46:18","modified_gmt":"2025-10-15T19:46:18","slug":"pessoas-que-completam-100-anos-normalmente-possuem-esse-tipo-sanguineo","status":"publish","type":"post","link":"https:\/\/diariodocomercio.com.br\/mix\/pessoas-que-completam-100-anos-normalmente-possuem-esse-tipo-sanguineo\/","title":{"rendered":"Pessoas que completam 100 anos normalmente possuem esse tipo sangu\u00edneo"},"content":{"rendered":"\n<p>A rela\u00e7\u00e3o entre tipo sangu\u00edneo e longevidade vem despertando o interesse de cientistas h\u00e1 d\u00e9cadas. Agora, uma pesquisa conduzida no Jap\u00e3o reacendeu o debate ao apontar que pessoas com\u00a0tipo sangu\u00edneo B\u00a0aparecem com mais frequ\u00eancia entre os centen\u00e1rios.<\/p>\n\n\n\n<p>O estudo, publicado na\u00a0<em>National Library of Medicine<\/em>\u00a0(EUA), comparou a distribui\u00e7\u00e3o dos tipos sangu\u00edneos de\u00a0269 pessoas com mais de 100 anos, residentes em T\u00f3quio, com a de\u00a07.153 moradores da mesma regi\u00e3o. Os resultados chamaram aten\u00e7\u00e3o:\u00a0quase 30% dos centen\u00e1rios tinham sangue tipo B, enquanto no grupo de controle esse percentual foi de apenas\u00a022%.<\/p>\n\n\n\n<p>Segundo os pesquisadores, os dados indicam que o\u00a0tipo B pode estar associado a um envelhecimento mais lento e a uma expectativa de vida maior. Essa hip\u00f3tese refor\u00e7a descobertas anteriores que j\u00e1 sugeriam uma poss\u00edvel vantagem biol\u00f3gica entre indiv\u00edduos desse grupo sangu\u00edneo.<\/p>\n\n\n\n<h2 class=\"wp-block-heading\"><strong>O que torna o tipo B diferente?<\/strong><\/h2>\n\n\n\n<p>No sistema ABO, pessoas com sangue tipo B possuem o&nbsp;<strong>ant\u00edgeno B nas hem\u00e1cias<\/strong>&nbsp;e produzem&nbsp;<strong>anticorpos contra o ant\u00edgeno A<\/strong>. Apenas cerca de&nbsp;<strong>10% da popula\u00e7\u00e3o mundial<\/strong>&nbsp;pertence a esse grupo, o que o torna relativamente raro.<\/p>\n\n\n\n<p>Pesquisas conduzidas por Tony Wyss-Coray, da Universidade de Stanford, indicam que\u00a0<strong>certos marcadores presentes no sangue<\/strong>\u00a0podem influenciar o ritmo do envelhecimento. Estudos de 2004, liderados por Shimizu e colaboradores em T\u00f3quio, j\u00e1 haviam apontado que o tipo B estava relacionado a\u00a0<strong>mecanismos mais eficientes de reparo celular e melhor adapta\u00e7\u00e3o ao estresse metab\u00f3lico<\/strong>, fatores que podem contribuir para uma vida mais longa.<\/p>\n\n\n\n<p>Apesar das poss\u00edveis correla\u00e7\u00f5es com a longevidade, especialistas ressaltam que pessoas com sangue tipo B\u00a0n\u00e3o est\u00e3o livres de riscos \u00e0 sa\u00fade. Pesquisas indicam uma leve tend\u00eancia a\u00a0maior vulnerabilidade cardiovascular\u00a0nesse grupo, embora h\u00e1bitos saud\u00e1veis \u2014 como alimenta\u00e7\u00e3o equilibrada e pr\u00e1tica regular de exerc\u00edcios \u2014 possam reduzir essa propens\u00e3o.<\/p>\n\n\n\n<h2 class=\"wp-block-heading\"><strong>O sangue como indicador do envelhecimento<\/strong><\/h2>\n\n\n\n<p>Estudos recentes tamb\u00e9m v\u00eam explorando o sangue como uma esp\u00e9cie de \u201cmapa biol\u00f3gico\u201d do envelhecimento. Em uma an\u00e1lise com mais de\u00a05 mil volunt\u00e1rios, cientistas avaliaram os n\u00edveis de\u00a04 mil prote\u00ednas\u00a0para medir a idade biol\u00f3gica de\u00a011 \u00f3rg\u00e3os diferentes. Os resultados mostraram que cerca de\u00a020% das pessoas\u00a0apresentam envelhecimento acelerado em pelo menos um \u00f3rg\u00e3o, o que refor\u00e7a a import\u00e2ncia de observar o sangue como indicador de vitalidade.<\/p>\n\n\n\n<p>Embora ainda n\u00e3o haja consenso sobre o impacto direto do tipo sangu\u00edneo na longevidade, as descobertas japonesas acrescentam uma nova pe\u00e7a ao quebra-cabe\u00e7a da biologia do envelhecimento \u2014 e ajudam a explicar por que\u00a0entre os que chegam aos 100 anos, o tipo B parece ter uma presen\u00e7a marcante.<\/p>\n","protected":false},"excerpt":{"rendered":"<p>A rela\u00e7\u00e3o entre tipo sangu\u00edneo e longevidade vem despertando o interesse de cientistas h\u00e1 d\u00e9cadas. Agora, uma pesquisa conduzida no Jap\u00e3o reacendeu o debate ao apontar que pessoas com\u00a0tipo sangu\u00edneo B\u00a0aparecem com mais frequ\u00eancia entre os centen\u00e1rios. O estudo, publicado na\u00a0National Library of Medicine\u00a0(EUA), comparou a distribui\u00e7\u00e3o dos tipos sangu\u00edneos de\u00a0269 pessoas com mais de [&hellip;]<\/p>\n","protected":false},"author":9,"featured_media":22332,"comment_status":"closed","ping_status":"closed","sticky":false,"template":"","format":"standard","meta":{"jnews-multi-image_gallery":[],"jnews_single_post":{"format":"standard"},"jnews_primary_category":[],"jnews_social_meta":[],"jnews_override_counter":[],"jnews_post_split":[],"footnotes":""},"categories":[1],"tags":[],"class_list":["post-22331","post","type-post","status-publish","format-standard","has-post-thumbnail","hentry","category-geral"],"_referencia":"","_links":{"self":[{"href":"https:\/\/diariodocomercio.com.br\/mix\/wp-json\/wp\/v2\/posts\/22331","targetHints":{"allow":["GET"]}}],"collection":[{"href":"https:\/\/diariodocomercio.com.br\/mix\/wp-json\/wp\/v2\/posts"}],"about":[{"href":"https:\/\/diariodocomercio.com.br\/mix\/wp-json\/wp\/v2\/types\/post"}],"author":[{"embeddable":true,"href":"https:\/\/diariodocomercio.com.br\/mix\/wp-json\/wp\/v2\/users\/9"}],"replies":[{"embeddable":true,"href":"https:\/\/diariodocomercio.com.br\/mix\/wp-json\/wp\/v2\/comments?post=22331"}],"version-history":[{"count":1,"href":"https:\/\/diariodocomercio.com.br\/mix\/wp-json\/wp\/v2\/posts\/22331\/revisions"}],"predecessor-version":[{"id":22333,"href":"https:\/\/diariodocomercio.com.br\/mix\/wp-json\/wp\/v2\/posts\/22331\/revisions\/22333"}],"wp:featuredmedia":[{"embeddable":true,"href":"https:\/\/diariodocomercio.com.br\/mix\/wp-json\/wp\/v2\/media\/22332"}],"wp:attachment":[{"href":"https:\/\/diariodocomercio.com.br\/mix\/wp-json\/wp\/v2\/media?parent=22331"}],"wp:term":[{"taxonomy":"category","embeddable":true,"href":"https:\/\/diariodocomercio.com.br\/mix\/wp-json\/wp\/v2\/categories?post=22331"},{"taxonomy":"post_tag","embeddable":true,"href":"https:\/\/diariodocomercio.com.br\/mix\/wp-json\/wp\/v2\/tags?post=22331"}],"curies":[{"name":"wp","href":"https:\/\/api.w.org\/{rel}","templated":true}]}}