{"id":2239,"date":"2025-01-28T18:40:34","date_gmt":"2025-01-28T21:40:34","guid":{"rendered":"https:\/\/diariodocomercio.com.br\/mix\/?p=2239"},"modified":"2025-01-28T18:40:34","modified_gmt":"2025-01-28T21:40:34","slug":"nis-final-4-recebe-que-dia-em-fevereiro-de-2025-confira-calendario","status":"publish","type":"post","link":"https:\/\/diariodocomercio.com.br\/mix\/nis-final-4-recebe-que-dia-em-fevereiro-de-2025-confira-calendario\/","title":{"rendered":"NIS final 4 recebe que dia em fevereiro de 2025? Confira calend\u00e1rio"},"content":{"rendered":"\n<p>Servindo como um aux\u00edlio para milhares de brasileiros, o Bolsa Fam\u00edlia referente ao pr\u00f3ximo m\u00eas come\u00e7ar\u00e1 a ser pago no dia 17 de fevereiro, junto com o aux\u00edlio-g\u00e1s. O programa do governo federal garante o repasse de, no m\u00ednimo, R$ 600 por fam\u00edlia inscrita e os benefici\u00e1rios precisam se atentar \u00e0s datas para saber quando o pagamento estar\u00e1 dispon\u00edvel.&nbsp;<\/p>\n\n\n\n<p>Os valores s\u00e3o disponibilizados de maneira escalonada conforme \u00faltimo d\u00edgito do N\u00famero de Identifica\u00e7\u00e3o Social (NIS), de acordo com as informa\u00e7\u00f5es do Minist\u00e9rio do Desenvolvimento e Assist\u00eancia Social, Fam\u00edlia e Combate \u00e0 Fome (MDS). Seguindo essa ordem, o NIS 4 ter\u00e1 seu pagamento no dia 20 de fevereiro.&nbsp;<\/p>\n\n\n\n<h2 class=\"wp-block-heading\">Confira abaixo o calend\u00e1rio completo do NIS\u00a0<\/h2>\n\n\n\n<ul class=\"wp-block-list\">\n<li>Dia 17: NIS final 1<\/li>\n\n\n\n<li>Dia 18: NIS final 2<\/li>\n\n\n\n<li>Dia 19: NIS final 3<\/li>\n\n\n\n<li>Dia 20: NIS final 4<\/li>\n\n\n\n<li>Dia 21: NIS final 5<\/li>\n\n\n\n<li>Dia 24: NIS final 6<\/li>\n\n\n\n<li>Dia 25: NIS final 7<\/li>\n\n\n\n<li>Dia 26: NIS final 8<\/li>\n\n\n\n<li>Dia 27: NIS final 9<\/li>\n\n\n\n<li>Dia 28: NIS final 0<\/li>\n<\/ul>\n\n\n\n<p><strong>Veja quando ser\u00e1 os pagamentos do Bolsa Fam\u00edlia ao longo de 2025:<\/strong><\/p>\n\n\n\n<ul class=\"wp-block-list\">\n<li>Janeiro: de 20\/1 a 31\/1;<\/li>\n\n\n\n<li>Fevereiro: de 17\/2 a 28\/2 (pago em conjunto ao auxilio-g\u00e1s);<\/li>\n\n\n\n<li>Mar\u00e7o: de 18\/3 a 31\/3;<\/li>\n\n\n\n<li>Abril: de 15\/4 a 30\/4 (pago em conjunto ao auxilio-g\u00e1s);<\/li>\n\n\n\n<li>Maio: de 19\/5 a 30\/5;<\/li>\n\n\n\n<li>Junho: de 16\/6 a 30\/6 (pago em conjunto ao auxilio-g\u00e1s);<\/li>\n\n\n\n<li>Julho: de 18\/7 a 31\/7;<\/li>\n\n\n\n<li>Agosto: de 18\/8 a 29\/8 (pago em conjunto ao auxilio-g\u00e1s);<\/li>\n\n\n\n<li>Setembro: de 17\/9 a 30\/9;<\/li>\n\n\n\n<li>Outubro: de 20\/10 a 31\/10 (pago em conjunto ao auxilio-g\u00e1s);<\/li>\n\n\n\n<li>Novembro: de 14\/11 a 28\/11;<\/li>\n\n\n\n<li>Dezembro: de 10\/12 a 23\/12 (pago em conjunto ao auxilio-g\u00e1s).<\/li>\n<\/ul>\n\n\n\n<h2 class=\"wp-block-heading\">Quem tem direito ao Bolsa Fam\u00edlia?<\/h2>\n\n\n\n<p>O benef\u00edcio \u00e9 destinado para fam\u00edlias com renda de no m\u00e1ximo, R$ 218 mensais para cada integrante da fam\u00edlia que vive na mesma casa, al\u00e9m de estar inscrito no Cadastro \u00danico. \u00c9 poss\u00edvel fazer o cadastramento em postos de atendimento da assist\u00eancia social dos munic\u00edpios.<\/p>\n","protected":false},"excerpt":{"rendered":"<p>Servindo como um aux\u00edlio para milhares de brasileiros, o Bolsa Fam\u00edlia referente ao pr\u00f3ximo m\u00eas come\u00e7ar\u00e1 a ser pago no dia 17 de fevereiro, junto com o aux\u00edlio-g\u00e1s. O programa do governo federal garante o repasse de, no m\u00ednimo, R$ 600 por fam\u00edlia inscrita e os benefici\u00e1rios precisam se atentar \u00e0s datas para saber quando [&hellip;]<\/p>\n","protected":false},"author":7,"featured_media":2240,"comment_status":"closed","ping_status":"closed","sticky":false,"template":"","format":"standard","meta":{"jnews-multi-image_gallery":[],"jnews_single_post":{"format":"standard"},"jnews_primary_category":[],"jnews_social_meta":[],"jnews_override_counter":[],"jnews_post_split":[],"footnotes":""},"categories":[1],"tags":[],"class_list":["post-2239","post","type-post","status-publish","format-standard","has-post-thumbnail","hentry","category-geral"],"_referencia":"","_links":{"self":[{"href":"https:\/\/diariodocomercio.com.br\/mix\/wp-json\/wp\/v2\/posts\/2239","targetHints":{"allow":["GET"]}}],"collection":[{"href":"https:\/\/diariodocomercio.com.br\/mix\/wp-json\/wp\/v2\/posts"}],"about":[{"href":"https:\/\/diariodocomercio.com.br\/mix\/wp-json\/wp\/v2\/types\/post"}],"author":[{"embeddable":true,"href":"https:\/\/diariodocomercio.com.br\/mix\/wp-json\/wp\/v2\/users\/7"}],"replies":[{"embeddable":true,"href":"https:\/\/diariodocomercio.com.br\/mix\/wp-json\/wp\/v2\/comments?post=2239"}],"version-history":[{"count":1,"href":"https:\/\/diariodocomercio.com.br\/mix\/wp-json\/wp\/v2\/posts\/2239\/revisions"}],"predecessor-version":[{"id":2241,"href":"https:\/\/diariodocomercio.com.br\/mix\/wp-json\/wp\/v2\/posts\/2239\/revisions\/2241"}],"wp:featuredmedia":[{"embeddable":true,"href":"https:\/\/diariodocomercio.com.br\/mix\/wp-json\/wp\/v2\/media\/2240"}],"wp:attachment":[{"href":"https:\/\/diariodocomercio.com.br\/mix\/wp-json\/wp\/v2\/media?parent=2239"}],"wp:term":[{"taxonomy":"category","embeddable":true,"href":"https:\/\/diariodocomercio.com.br\/mix\/wp-json\/wp\/v2\/categories?post=2239"},{"taxonomy":"post_tag","embeddable":true,"href":"https:\/\/diariodocomercio.com.br\/mix\/wp-json\/wp\/v2\/tags?post=2239"}],"curies":[{"name":"wp","href":"https:\/\/api.w.org\/{rel}","templated":true}]}}