{"id":22413,"date":"2025-10-19T10:15:00","date_gmt":"2025-10-19T13:15:00","guid":{"rendered":"https:\/\/diariodocomercio.com.br\/mix\/?p=22413"},"modified":"2025-10-16T13:50:27","modified_gmt":"2025-10-16T16:50:27","slug":"voce-esta-cometendo-um-desses-9-erros-na-hora-de-cuidar-da-pele","status":"publish","type":"post","link":"https:\/\/diariodocomercio.com.br\/mix\/voce-esta-cometendo-um-desses-9-erros-na-hora-de-cuidar-da-pele\/","title":{"rendered":"Voc\u00ea est\u00e1 cometendo um desses 9 erros na hora de cuidar da pele?"},"content":{"rendered":"\n<p>As pessoas nunca foram t\u00e3o obcecadas por skincare, os cuidados com a pele, como atualmente, muito em parte por causa da enxurrada de conte\u00fados do tipo nas redes sociais. Mas, com tanta gente falando sobre o tema, tamb\u00e9m vem muita desinforma\u00e7\u00e3o e, muitas vezes, voc\u00ea pode cometer erros que prejudicam mais do que ajudam a sa\u00fade da sua c\u00fatis.<\/p>\n\n\n\n<h2 class=\"wp-block-heading\">6 erros comuns na hora de cuidar da pele<\/h2>\n\n\n\n<h3 class=\"wp-block-heading\">1. Ficar s\u00f3 no rosto<\/h3>\n\n\n\n<p>Muitas pessoas se esquecem de cuidar do pesco\u00e7o e do colo, duas \u00e1reas do corpo que tamb\u00e9m est\u00e3o expostas ao sol e que envelhecem da mesma forma. Ent\u00e3o, quando estiver passando o seu protetor solar e o seu hidratante, n\u00e3o fique apenas no rosto!<\/p>\n\n\n\n<h3 class=\"wp-block-heading\">2. N\u00e3o hidratar pele oleosa<\/h3>\n\n\n\n<p>Falando em hidrata\u00e7\u00e3o, tem gente que acha que pode dispensar ela s\u00f3 porque tem a pele oleosa. Mas nada disso: a falta de hidrata\u00e7\u00e3o pode fazer a sua pele produzir ainda mais \u00f3leo para tentar compensar o problema. \u00c9 s\u00f3 lembrar de escolher um produto adequado para o seu tipo de pele.<\/p>\n\n\n\n<h3 class=\"wp-block-heading\">3. Errar a ordem dos produtos<\/h3>\n\n\n\n<p>Usar o hidratante antes de um gel de limpeza, por exemplo, ou o protetor solar antes do creme. No caso de produtos para cuidar da pele, a ordem dos fatores altera sim o resultado. <\/p>\n\n\n\n<h3 class=\"wp-block-heading\">4. Excessos<\/h3>\n\n\n\n<p>Muitas pessoas se empolgam e acabam exagerando. Esfoliar a pele diariamente, por exemplo, pode acabar prejudicando a sua pele mais do que ajudando, comprometendo a barreira natural de prote\u00e7\u00e3o dela. Fa\u00e7a o procedimento no m\u00e1ximo uma ou duas vezes na semana.<\/p>\n\n\n\n<h3 class=\"wp-block-heading\">5. Realmente precisa disso?<\/h3>\n\n\n\n<p>Talvez voc\u00ea j\u00e1 tenha visto algum v\u00eddeo sobre os benef\u00edcios desse ou daquele \u00e1cido ou subst\u00e2ncia, mas muitos pacientes acabam com a pele sensibilizada e at\u00e9 lesionada usando esses produtos por conta pr\u00f3pria. Por isso, sempre siga recomenda\u00e7\u00f5es m\u00e9dicas.<\/p>\n\n\n\n<h3 class=\"wp-block-heading\">6. Receitas caseiras<\/h3>\n\n\n\n<p><em>\u201cAplicar ingredientes como lim\u00e3o, mel, a\u00e7\u00facar ou vinagre diretamente no rosto \u00e9 algo que muitos acreditam ser natural e saud\u00e1vel, mas esses ingredientes podem alterar o pH da pele, causar irrita\u00e7\u00f5es, queimaduras e at\u00e9 manchas graves&#8221;<\/em>, explica a dermatologista Raphaella Marques \u00e0 revista CLAUDIA.<\/p>\n\n\n\n<style>@media (min-width: 992px) {\n    .recomendadorV2Area1 {\n        width: 280px;\n    }\n    .recomendadorV2Area2 {\n        padding: 0px 20px;\n        width: calc(100% - 280px);\n    }\n}\n\n@media (max-width: 992px) {\n    .recomendadorV2Button {\n        margin: 0 auto;\n    }\n    .recomendadorV2Area {\n        flex-direction: column;\n        text-align: center;\n    }\n    .recomendadorV2Area2 {\n        padding: 0px 20px;\n    }\n}\n\n.recomendadorV2Area {\n    background: #eeeeee3d;\n    border-radius: 10px;\n    padding: 15px;\n    display: flex;\n    margin: 15px auto;\n    border: 1px solid #00000014;\n    max-width: 800px;\n}\n\n.recomendadorV2Area1 img {\n    width: 280px;\n    height: auto;\n    border-radius: 8px;\n}\n\n.linkrecomendadorv2 {\n    text-decoration: none !important;\n}\n\n.recomendadorV2Area2 .recomendadorV2Type {\n    text-transform: uppercase;\n    font-weight: 500;\n    font-size: 11px;\n    letter-spacing: 2px;\n    color: #666;\n    margin: 12px 0;\n    display: block;\n}\n\n.recomendadorV2Title h2 {\n    padding-top: 0px !important;\n    margin: 0px !important;\n    border-left: none !important;\n    padding-left: 0px !important;\n    line-height: 1.3;\n    color: #000 !important;\n    font-size: 24px;\n    margin-bottom: 12px !important;\n}\n\n.recomendadorV2Desc {\n    color: #333;\n    margin: 12px 0px !important;\n    font-size: 15px;\n    line-height: 1.5;\n}\n\n.recomendadorV2Button {\n    width: auto;\n    max-width: 200px;\n    margin: 0;\n    display: inline-flex;\n    align-items: center;\n    background: #1D3557;\n    border-radius: 8px;\n    color: #fff;\n    height: 36px;\n    justify-content: center;\n    text-align: center;\n    font-size: 14px;\n    padding: 0 20px;\n    transition: background-color 0.2s ease;\n}\n\n.recomendadorV2Button:hover {\n    background: #2a4d7a;\n}\n\n.recomendadorV2Button:after {\n    margin-top: -2px;\n    content: \"\u2192\";\n    padding: 0px 0px 0px 8px;\n}\n\n.recomendadorV2Alert {\n    text-align: left;\n    font-size: 11px;\n    margin-top: 8px;\n    color: #666;\n}\n\n.recomendadorFixedArea {\n    width: 100%;\n    display: flex;\n    justify-content: center;\n    align-items: center;\n}\n\n@media (min-width: 992px) {\n    #recomendadorFixed {\n        width: 32% !important;\n        left: 5%;\n    }\n    .recomendadorCloseFixed{\n        right: inherit !important;\n        left: 378px !important;\n    }\n}\n\n#recomendadorFixed {\n    width: 90%;\n    box-shadow: 0 10px 20px 0px #00000057;\n    display: none;\n    height: 90px;\n    background: #F6F6F6;\n    position: fixed;\n    flex-direction: row;\n    bottom: 10px;\n    z-index: 9999;\n    border-radius: 16px;\n    padding: 7px 10px;\n}\n\n.recomendadorLeftArea {\n    width: 160px;\n}\n\n.recomendadorRightArea h2 {\n    padding-top: 0px;\n    margin: 2px 0px 4px 0px !important;\n    font-weight: 400;\n    text-align: center;\n    padding-left: 0px !important;\n    color: #000 !important;\n    border-left: none !important;\n    line-height: 20px;\n    font-size: 12px !important;\n}\n\n.recomendadorImgFixed {\n    overflow: hidden;\n    padding: 8px 6px;\n    height: 100%;\n}\n\n.recomendadorImgFixed img {\n    height: 100% !important;\n    border-radius: 16px;\n}\n\n.recomendadorRightArea {\n    padding-top: 6px;\n    display: flex;\n    width: calc(100% - 130px);\n    justify-content: space-between;\n    align-items: center;\n    flex-direction: column;\n}\n\n.recomendadorButtonFixed {\n    margin: 0 auto;\n    background: #1D3557;\n    width: 80%;\n    text-align: center;\n    font-size: 10px;\n    color: #FFF;\n    padding: 2px 10px;\n    border-radius: 3px;\n}\n\n.recomendadorButtonFixed:after {\n    margin-top: -3px;\n    content: \"\u2192\";\n    padding: 0px 0px 0px 10px;\n}\n\n.recomendadorAlertFixed {\n    font-weight: 400;\n    text-align: center;\n    color: #484848;\n    font-size: 8px;\n}\n\n.recomendadorCloseFixed {\n    z-index: 99999;\n    display: none;\n    right: 0px;\n    left: inherit;\n    bottom: 99px;\n    position: fixed;\n    justify-content: center;\n    background: #F6F6F6;\n    width: 25px;\n    align-items: center;\n    height: 25px;\n    font-weight: 800;\n    border-radius: 50%;\n    border: 1px solid #EBEBEB;\n}\n\n.recomendadorV2Desc{\n    color: #000000;\n    margin: 20px 0px;\n}\n\n@media (max-width: 576px) {\n    .recomendadorV2Area {\n      padding: 10px;\n      max-width: 100%;\n    }\n  \n    .recomendadorV2Area1 img {\n      width: 100%;\n      border-radius: 6px;\n    }\n  \n    .recomendadorV2Area2 .recomendadorV2Type {\n      font-size: 9px;\n      letter-spacing: 1px;\n      margin: 8px 0;\n    }\n  \n    .recomendadorV2Title h2 {\n      font-size: 18px !important;\n      margin-bottom: 8px !important;\n      line-height: 1.2;\n    }\n  \n    .recomendadorV2Desc {\n      font-size: 14px;\n      margin: 8px 0 !important;\n      line-height: 1.4;\n    }\n  \n    .recomendadorV2Button {\n      font-size: 14px;\n      height: 40px;\n      padding: 0 12px;\n      max-width: 100%;\n      width: 100%;\n    }\n  \n    .recomendadorV2Button:after {\n      padding-left: 6px;\n    }\n  }\n  <\/style>\n        <div class=\"lazyblock-recomendador-v2-2jDGz wp-block-lazyblock-recomendador-v2\">\n        <a class=\"linkrecomendadorv2\" href=\"https:\/\/diariodocomercio.com.br\/mix\/primeiro-pais-da-america-latina-legaliza-a-eutanasia-ou-morte-assistida\/\">\n            <div class=\"recomendadorV2Area\">\n            <div class=\"recomendadorV2Area1\">\n                <div class=\"recomendadorV2Img\">\n                <img class=\"lazyloaded\" decoding=\"async\" src=\"https:\/\/diariodocomercio.com.br\/mix\/wp-content\/uploads\/2025\/10\/eutanasia.jpg\" data-src=\"https:\/\/diariodocomercio.com.br\/mix\/wp-content\/uploads\/2025\/10\/eutanasia.jpg\" alt=\"\">\n                <\/div>\n            <\/div>\n            <div class=\"recomendadorV2Area2\">\n                <div class=\"recomendadorV2Type\">\n                    <span>LEI<\/span>\n                <\/div>\n                <div class=\"recomendadorV2Title\">\n                <h2><span>Primeiro pa\u00eds da Am\u00e9rica Latina legaliza a eutan\u00e1sia, ou morte assistida<\/span><\/h2>\n                <\/div>\n                <div class=\"recomendadorV2Desc\">\n                <span>Recentemente, o Uruguai se tornou o primeiro pa\u00eds da Am\u00e9rica Latina a legalizar a eutan\u00e1sia, ou morte assistida.<\/span>\n                <\/div>\n                <div class=\"recomendadorV2Button\">Leia mais<\/div>\n                <div class=\"recomendadorV2Alert\"><\/div>\n            <\/div>\n            <\/div>\n        <\/a>\n        <div>\n            <div style=\"z-index:99999;\" id=\"buttonClose\" onclick=\"closeRecomendadorFixed()\">\n            <div class=\"recomendadorCloseFixed\">X<\/div>\n            <\/div>\n            <a href=\"https:\/\/diariodocomercio.com.br\/mix\/primeiro-pais-da-america-latina-legaliza-a-eutanasia-ou-morte-assistida\/\">\n            <div class=\"recomendadorFixedArea\">\n                <div id=\"recomendadorFixed\">\n                <div class=\"recomendadorLeftArea\">\n                    <div class=\"recomendadorImgFixed\">\n                    <img class=\"lazyload\" decoding=\"async\" src=\"https:\/\/diariodocomercio.com.br\/mix\/wp-content\/uploads\/2025\/10\/eutanasia.jpg\" alt=\"\">\n                    <\/div>\n                <\/div>\n                <div class=\"recomendadorRightArea\">\n                    <div class=\"recomendadorTitleFixed\">\n                    <h2><span>Primeiro pa\u00eds da Am\u00e9rica Latina legaliza a eutan\u00e1sia, ou morte assistida<\/span><\/h2>\n                    <\/div>\n                    <div class=\"recomendadorButtonFixed\">Leia mais<\/div>\n                    <div class=\"recomendadorAlertFixed\"><\/div>\n                <\/div>\n                <\/div>\n            <\/div>\n            <\/a>\n        <\/div>\n        <\/div>\n","protected":false},"excerpt":{"rendered":"<p>Confira seis erros comuns que as pessoas cometem na hora de cuidar da pele que podem acabar atrapalhando mais do que ajudam.<\/p>\n","protected":false},"author":6,"featured_media":22414,"comment_status":"closed","ping_status":"closed","sticky":false,"template":"","format":"standard","meta":{"jnews-multi-image_gallery":[],"jnews_single_post":{"format":"standard"},"jnews_primary_category":[],"jnews_social_meta":[],"jnews_override_counter":[],"jnews_post_split":[],"footnotes":""},"categories":[1],"tags":[],"class_list":["post-22413","post","type-post","status-publish","format-standard","has-post-thumbnail","hentry","category-geral"],"_referencia":"","_links":{"self":[{"href":"https:\/\/diariodocomercio.com.br\/mix\/wp-json\/wp\/v2\/posts\/22413","targetHints":{"allow":["GET"]}}],"collection":[{"href":"https:\/\/diariodocomercio.com.br\/mix\/wp-json\/wp\/v2\/posts"}],"about":[{"href":"https:\/\/diariodocomercio.com.br\/mix\/wp-json\/wp\/v2\/types\/post"}],"author":[{"embeddable":true,"href":"https:\/\/diariodocomercio.com.br\/mix\/wp-json\/wp\/v2\/users\/6"}],"replies":[{"embeddable":true,"href":"https:\/\/diariodocomercio.com.br\/mix\/wp-json\/wp\/v2\/comments?post=22413"}],"version-history":[{"count":2,"href":"https:\/\/diariodocomercio.com.br\/mix\/wp-json\/wp\/v2\/posts\/22413\/revisions"}],"predecessor-version":[{"id":22444,"href":"https:\/\/diariodocomercio.com.br\/mix\/wp-json\/wp\/v2\/posts\/22413\/revisions\/22444"}],"wp:featuredmedia":[{"embeddable":true,"href":"https:\/\/diariodocomercio.com.br\/mix\/wp-json\/wp\/v2\/media\/22414"}],"wp:attachment":[{"href":"https:\/\/diariodocomercio.com.br\/mix\/wp-json\/wp\/v2\/media?parent=22413"}],"wp:term":[{"taxonomy":"category","embeddable":true,"href":"https:\/\/diariodocomercio.com.br\/mix\/wp-json\/wp\/v2\/categories?post=22413"},{"taxonomy":"post_tag","embeddable":true,"href":"https:\/\/diariodocomercio.com.br\/mix\/wp-json\/wp\/v2\/tags?post=22413"}],"curies":[{"name":"wp","href":"https:\/\/api.w.org\/{rel}","templated":true}]}}