{"id":22456,"date":"2025-10-19T12:47:00","date_gmt":"2025-10-19T15:47:00","guid":{"rendered":"https:\/\/diariodocomercio.com.br\/mix\/?p=22456"},"modified":"2025-10-16T14:59:29","modified_gmt":"2025-10-16T17:59:29","slug":"marca-de-roupas-nostalgica-volta-ao-brasil-apos-ter-deixado-o-pais-em-2013","status":"publish","type":"post","link":"https:\/\/diariodocomercio.com.br\/mix\/marca-de-roupas-nostalgica-volta-ao-brasil-apos-ter-deixado-o-pais-em-2013\/","title":{"rendered":"Marca de roupas nost\u00e1lgica volta ao Brasil ap\u00f3s ter deixado o pa\u00eds em 2013"},"content":{"rendered":"\n<p>A <strong>Mango, <\/strong>renomada marca espanhola de moda, retornou ao Brasil em 2024 ap\u00f3s uma aus\u00eancia de dez anos. Conhecida por suas cole\u00e7\u00f5es de estilo acess\u00edvel e sofisticado, a marca busca reconquistar os consumidores brasileiros.<\/p>\n\n\n\n<p>O relan\u00e7amento ocorre por meio de uma parceria com a Dafiti, uma das principais plataformas de com\u00e9rcio eletr\u00f4nico de moda na Am\u00e9rica Latina.<\/p>\n\n\n\n<p>Originalmente fundada em Barcelona, a Mango se tornou um nome global por suas pe\u00e7as que combinam alfaiataria cl\u00e1ssica com um toque casual. A marca deixou o Brasil em 2013, enfrentando desafios tribut\u00e1rios e burocr\u00e1ticos.<\/p>\n\n\n\n<p>Em um cen\u00e1rio agora favor\u00e1vel ao com\u00e9rcio eletr\u00f4nico, a Mango vislumbra potencial para retomar suas opera\u00e7\u00f5es no Brasil, aproveitando o crescimento de consumidores online.<\/p>\n\n\n\n<h2 class=\"wp-block-heading\">Oportunidades no e-commerce<\/h2>\n\n\n\n<p>O com\u00e9rcio eletr\u00f4nico no Brasil segue em expans\u00e3o, com mais de <strong>125 milh\u00f5es de consumidores ativos<\/strong> no mercado digital. Este aumento no interesse pelo e-commerce \u00e9 um fator crucial para a decis\u00e3o da Mango de recome\u00e7ar suas opera\u00e7\u00f5es no pa\u00eds com um enfoque no com\u00e9rcio virtual.<\/p>\n\n\n\n<p>A Dafiti, j\u00e1 conhecida por sua curadoria de marcas internacionais, atua como parceira estrat\u00e9gica nesta nova empreitada da Mango. Essa colabora\u00e7\u00e3o amplia a presen\u00e7a da Mango no mercado de moda digital e ajuda a consolidar sua posi\u00e7\u00e3o no com\u00e9rcio eletr\u00f4nico brasileiro.<\/p>\n\n\n\n<h2 class=\"wp-block-heading\">Lan\u00e7amento de cole\u00e7\u00e3o exclusiva<\/h2>\n\n\n\n<p>A nova cole\u00e7\u00e3o da Mango ser\u00e1 vendida exclusivamente online, apresentando uma sele\u00e7\u00e3o de alfaiataria minimalista, su\u00e9teres, tric\u00f4s e roupas em jeans. As pe\u00e7as s\u00e3o projetadas para consumidores que buscam unir praticidade e design sofisticado, com pre\u00e7os variando entre R$ 150 e R$ 500.<\/p>\n\n\n\n<p>Apesar das expectativas de sucesso, a Mango enfrenta cr\u00edticas devido \u00e0 limitada disponibilidade de tamanhos em sua cole\u00e7\u00e3o, oferecendo pe\u00e7as apenas at\u00e9 o tamanho GG.&nbsp;<\/p>\n","protected":false},"excerpt":{"rendered":"<p>A marca busca reconquistar os consumidores brasileiros.<\/p>\n","protected":false},"author":12,"featured_media":19606,"comment_status":"closed","ping_status":"closed","sticky":false,"template":"","format":"standard","meta":{"jnews-multi-image_gallery":[],"jnews_single_post":{"format":"standard"},"jnews_primary_category":[],"jnews_social_meta":[],"jnews_override_counter":[],"jnews_post_split":[],"footnotes":""},"categories":[1],"tags":[],"class_list":["post-22456","post","type-post","status-publish","format-standard","has-post-thumbnail","hentry","category-geral"],"_referencia":"","_links":{"self":[{"href":"https:\/\/diariodocomercio.com.br\/mix\/wp-json\/wp\/v2\/posts\/22456","targetHints":{"allow":["GET"]}}],"collection":[{"href":"https:\/\/diariodocomercio.com.br\/mix\/wp-json\/wp\/v2\/posts"}],"about":[{"href":"https:\/\/diariodocomercio.com.br\/mix\/wp-json\/wp\/v2\/types\/post"}],"author":[{"embeddable":true,"href":"https:\/\/diariodocomercio.com.br\/mix\/wp-json\/wp\/v2\/users\/12"}],"replies":[{"embeddable":true,"href":"https:\/\/diariodocomercio.com.br\/mix\/wp-json\/wp\/v2\/comments?post=22456"}],"version-history":[{"count":1,"href":"https:\/\/diariodocomercio.com.br\/mix\/wp-json\/wp\/v2\/posts\/22456\/revisions"}],"predecessor-version":[{"id":22457,"href":"https:\/\/diariodocomercio.com.br\/mix\/wp-json\/wp\/v2\/posts\/22456\/revisions\/22457"}],"wp:featuredmedia":[{"embeddable":true,"href":"https:\/\/diariodocomercio.com.br\/mix\/wp-json\/wp\/v2\/media\/19606"}],"wp:attachment":[{"href":"https:\/\/diariodocomercio.com.br\/mix\/wp-json\/wp\/v2\/media?parent=22456"}],"wp:term":[{"taxonomy":"category","embeddable":true,"href":"https:\/\/diariodocomercio.com.br\/mix\/wp-json\/wp\/v2\/categories?post=22456"},{"taxonomy":"post_tag","embeddable":true,"href":"https:\/\/diariodocomercio.com.br\/mix\/wp-json\/wp\/v2\/tags?post=22456"}],"curies":[{"name":"wp","href":"https:\/\/api.w.org\/{rel}","templated":true}]}}