{"id":22466,"date":"2025-10-19T14:18:00","date_gmt":"2025-10-19T17:18:00","guid":{"rendered":"https:\/\/diariodocomercio.com.br\/mix\/?p=22466"},"modified":"2025-10-16T16:00:14","modified_gmt":"2025-10-16T19:00:14","slug":"cidade-a-60km-de-sao-paulo-sera-sede-da-defesa-antiaerea-do-exercito","status":"publish","type":"post","link":"https:\/\/diariodocomercio.com.br\/mix\/cidade-a-60km-de-sao-paulo-sera-sede-da-defesa-antiaerea-do-exercito\/","title":{"rendered":"Cidade a 60km de S\u00e3o Paulo ser\u00e1 sede da defesa antia\u00e9rea do Ex\u00e9rcito"},"content":{"rendered":"\n<p>A cidade de\u00a0Jundia\u00ed, localizada a cerca de 60 quil\u00f4metros da capital paulista, foi escolhida para sediar a\u00a0futura base central de defesa antia\u00e9rea do Ex\u00e9rcito Brasileiro. A decis\u00e3o faz parte do\u00a0Projeto For\u00e7a 40, programa de moderniza\u00e7\u00e3o da for\u00e7a terrestre que prev\u00ea, at\u00e9\u00a02039, a implanta\u00e7\u00e3o de um\u00a0sistema in\u00e9dito de defesa antia\u00e9rea de m\u00e9dia altura\u00a0no pa\u00eds.<\/p>\n\n\n\n<p>A mudan\u00e7a come\u00e7ou a ser formalizada em\u00a015 de julho deste ano, quando o tradicional\u00a012\u00ba Grupo de Artilharia de Campanha (GAC)\u00a0passou a se chamar\u00a012\u00ba Grupo de Artilharia Antia\u00e9rea (GAAAe). A cerim\u00f4nia oficializou a transforma\u00e7\u00e3o da unidade militar jundiaiense \u2014 conhecida h\u00e1 105 anos como\u00a0Grupo Bar\u00e3o de Jundiahy\u00a0\u2014 em um dos pilares da nova estrutura de defesa nacional.<\/p>\n\n\n\n<p>De acordo com o\u00a0Comando Militar do Sudeste, o novo sistema contar\u00e1 com\u00a0m\u00edsseis capazes de atingir alvos a at\u00e9 15 quil\u00f4metros de altitude\u00a0e com um\u00a0alcance horizontal de 40 km, podendo chegar a\u00a060 km\u00a0dependendo da configura\u00e7\u00e3o. Os equipamentos tamb\u00e9m ser\u00e3o acompanhados de\u00a0radares modernos, com capacidade de\u00a0identificar avi\u00f5es, drones e m\u00edsseis a mais de 150 km de dist\u00e2ncia, atingindo aeronaves a velocidades de at\u00e9\u00a02.880 km\/h.<\/p>\n\n\n\n<p>A escolha por Jundia\u00ed foi considerada\u00a0estrat\u00e9gica. A cidade fica \u00e0s margens da\u00a0Rodovia Anhanguera, a menos de\u00a050 km do Rodoanel M\u00e1rio Covas, com acesso r\u00e1pido ao\u00a0porto de Santos, na Baixada Santista. Segundo o\u00a0general de brigada Marcos Jos\u00e9 Martins Coelho, respons\u00e1vel pelo Comando de Defesa Antia\u00e9rea do Ex\u00e9rcito, essa localiza\u00e7\u00e3o permitir\u00e1\u00a0transportar o equipamento em at\u00e9 tr\u00eas horas at\u00e9 o litoral paulista, facilitando deslocamentos terrestres e mar\u00edtimos.<\/p>\n\n\n\n<blockquote class=\"wp-block-quote is-layout-flow wp-block-quote-is-layout-flow\">\n<p>\u201cConseguir\u00edamos levar esse equipamento rapidamente ao porto de Santos e embarc\u00e1-lo para v\u00e1rias regi\u00f5es do pa\u00eds\u201d, explicou o general em entrevista \u00e0&nbsp;<em>Folha de S.Paulo<\/em>.<\/p>\n<\/blockquote>\n\n\n\n<p>Atualmente, o Brasil possui apenas\u00a0defesa antia\u00e9rea terrestre de baixa altura, com alcance de at\u00e9\u00a03 km. A cria\u00e7\u00e3o da estrutura de\u00a0m\u00e9dia altura\u00a0\u00e9 vista pelo Ex\u00e9rcito como\u00a0\u201cimprescind\u00edvel e emergencial\u201d, segundo portaria publicada em julho, diante do cen\u00e1rio internacional de\u00a0conflitos armados e tens\u00f5es geopol\u00edticas.<\/p>\n\n\n\n<h2 class=\"wp-block-heading\"><strong>Contexto global e moderniza\u00e7\u00e3o militar<\/strong><\/h2>\n\n\n\n<p>A decis\u00e3o tamb\u00e9m ocorre em um momento de\u00a0instabilidade global, com guerras em curso na\u00a0Ucr\u00e2nia e no Oriente M\u00e9dio, al\u00e9m do aumento da presen\u00e7a militar dos\u00a0Estados Unidos no Caribe, pr\u00f3ximo \u00e0\u00a0Venezuela, pa\u00eds que faz fronteira com o Brasil.<\/p>\n\n\n\n<p>O Ex\u00e9rcito, no entanto, ressalta que o projeto \u00e9 anterior a essas movimenta\u00e7\u00f5es e faz parte de uma&nbsp;<strong>estrat\u00e9gia de longo prazo<\/strong>&nbsp;para refor\u00e7ar a soberania e a prontid\u00e3o das for\u00e7as armadas brasileiras.<\/p>\n\n\n\n<p>A partir de Jundia\u00ed, ser\u00e1 poss\u00edvel proteger\u00a0\u00e1reas cr\u00edticas do Sudeste, incluindo a\u00a0Regi\u00e3o Metropolitana de S\u00e3o Paulo,\u00a0Campinas\u00a0e\u00a0Sorocaba, al\u00e9m de garantir resposta r\u00e1pida a outras partes do territ\u00f3rio nacional.<\/p>\n","protected":false},"excerpt":{"rendered":"<p>A cidade de\u00a0Jundia\u00ed, localizada a cerca de 60 quil\u00f4metros da capital paulista, foi escolhida para sediar a\u00a0futura base central de defesa antia\u00e9rea do Ex\u00e9rcito Brasileiro. A decis\u00e3o faz parte do\u00a0Projeto For\u00e7a 40, programa de moderniza\u00e7\u00e3o da for\u00e7a terrestre que prev\u00ea, at\u00e9\u00a02039, a implanta\u00e7\u00e3o de um\u00a0sistema in\u00e9dito de defesa antia\u00e9rea de m\u00e9dia altura\u00a0no pa\u00eds. A mudan\u00e7a [&hellip;]<\/p>\n","protected":false},"author":9,"featured_media":22467,"comment_status":"closed","ping_status":"closed","sticky":false,"template":"","format":"standard","meta":{"jnews-multi-image_gallery":[],"jnews_single_post":{"format":"standard"},"jnews_primary_category":[],"jnews_social_meta":[],"jnews_override_counter":[],"jnews_post_split":[],"footnotes":""},"categories":[1],"tags":[],"class_list":["post-22466","post","type-post","status-publish","format-standard","has-post-thumbnail","hentry","category-geral"],"_referencia":"","_links":{"self":[{"href":"https:\/\/diariodocomercio.com.br\/mix\/wp-json\/wp\/v2\/posts\/22466","targetHints":{"allow":["GET"]}}],"collection":[{"href":"https:\/\/diariodocomercio.com.br\/mix\/wp-json\/wp\/v2\/posts"}],"about":[{"href":"https:\/\/diariodocomercio.com.br\/mix\/wp-json\/wp\/v2\/types\/post"}],"author":[{"embeddable":true,"href":"https:\/\/diariodocomercio.com.br\/mix\/wp-json\/wp\/v2\/users\/9"}],"replies":[{"embeddable":true,"href":"https:\/\/diariodocomercio.com.br\/mix\/wp-json\/wp\/v2\/comments?post=22466"}],"version-history":[{"count":1,"href":"https:\/\/diariodocomercio.com.br\/mix\/wp-json\/wp\/v2\/posts\/22466\/revisions"}],"predecessor-version":[{"id":22469,"href":"https:\/\/diariodocomercio.com.br\/mix\/wp-json\/wp\/v2\/posts\/22466\/revisions\/22469"}],"wp:featuredmedia":[{"embeddable":true,"href":"https:\/\/diariodocomercio.com.br\/mix\/wp-json\/wp\/v2\/media\/22467"}],"wp:attachment":[{"href":"https:\/\/diariodocomercio.com.br\/mix\/wp-json\/wp\/v2\/media?parent=22466"}],"wp:term":[{"taxonomy":"category","embeddable":true,"href":"https:\/\/diariodocomercio.com.br\/mix\/wp-json\/wp\/v2\/categories?post=22466"},{"taxonomy":"post_tag","embeddable":true,"href":"https:\/\/diariodocomercio.com.br\/mix\/wp-json\/wp\/v2\/tags?post=22466"}],"curies":[{"name":"wp","href":"https:\/\/api.w.org\/{rel}","templated":true}]}}