{"id":22570,"date":"2025-10-18T07:02:00","date_gmt":"2025-10-18T10:02:00","guid":{"rendered":"https:\/\/diariodocomercio.com.br\/mix\/?p=22570"},"modified":"2025-10-17T10:38:24","modified_gmt":"2025-10-17T13:38:24","slug":"governo-autoriza-e-cafe-passara-a-ser-distribuido-gratuitamente","status":"publish","type":"post","link":"https:\/\/diariodocomercio.com.br\/mix\/governo-autoriza-e-cafe-passara-a-ser-distribuido-gratuitamente\/","title":{"rendered":"Governo autoriza e caf\u00e9 passar\u00e1 a ser distribu\u00eddo gratuitamente"},"content":{"rendered":"\n<p>Desde\u00a0setembro, moradores e visitantes de\u00a0Sorocaba (SP)\u00a0podem saborear gratuitamente caf\u00e9 expresso, cappuccino e chocolate quente na\u00a0Pra\u00e7a Lions, em uma iniciativa in\u00e9dita autorizada pela Prefeitura e que vem chamando a aten\u00e7\u00e3o nas redes sociais.<\/p>\n\n\n\n<p>O programa, batizado de\u00a0\u201cCaf\u00e9 na Pra\u00e7a Lions\u201d, come\u00e7ou no dia\u00a022 de setembro\u00a0e oferece bebidas quentes de segunda a sexta-feira, das\u00a08h \u00e0s 17h, no centro da cidade, na\u00a0Avenida Dom Aguirre, n\u00ba 1200. A a\u00e7\u00e3o, segundo a administra\u00e7\u00e3o municipal, tem\u00a0car\u00e1ter social, n\u00e3o gera custo ao munic\u00edpio e \u00e9 realizada\u00a0em parceria com a iniciativa privada.<\/p>\n\n\n\n<p>O prefeito\u00a0Rodrigo Manga (Republicanos)\u00a0anunciou o projeto em um v\u00eddeo publicado nas redes sociais, onde aparece tomando caf\u00e9 e convidando os moradores a participarem. \u201cAo come\u00e7ar o dia em Sorocaba, seja para trabalhar ou visitar a cidade, nada como um delicioso cafezinho! Aqui na Pra\u00e7a Lions oferecemos diversas op\u00e7\u00f5es saborosas para come\u00e7ar seu dia motivado\u201d, afirmou.<\/p>\n\n\n\n<p>A publica\u00e7\u00e3o, que rapidamente viralizou, ultrapassou\u00a0100 mil curtidas\u00a0no Instagram e gerou grande repercuss\u00e3o entre os moradores, que aprovaram a ideia.<\/p>\n\n\n\n<h2 class=\"wp-block-heading\"><strong>Contexto econ\u00f4mico<\/strong><\/h2>\n\n\n\n<p>A iniciativa surge em meio \u00e0 alta nos pre\u00e7os do caf\u00e9 da manh\u00e3 nas padarias da cidade. Segundo levantamento recente do\u00a0Procon de Sorocaba, divulgado em 15 de outubro, o\u00a0caf\u00e9 expresso pequeno\u00a0pode custar entre\u00a0R$ 5,00 e R$ 8,90, uma varia\u00e7\u00e3o de\u00a078%\u00a0entre os estabelecimentos pesquisados.<\/p>\n\n\n\n<p>Itens tradicionais, como o p\u00e3o na chapa com manteiga, chegaram a apresentar diferen\u00e7a de at\u00e9\u00a0105%, com pre\u00e7os que variam de\u00a0R$ 4,50 a R$ 9,25. O p\u00e3o franc\u00eas com requeij\u00e3o, t\u00edpico da gastronomia local, teve diferen\u00e7a de\u00a0118%.<\/p>\n\n\n\n<p>Com a distribui\u00e7\u00e3o gratuita de bebidas quentes, o programa da Prefeitura busca oferecer uma\u00a0alternativa acess\u00edvel\u00a0\u00e0 popula\u00e7\u00e3o e aos trabalhadores que passam diariamente pela regi\u00e3o central.<\/p>\n\n\n\n<h2 class=\"wp-block-heading\"><strong>Caf\u00e9 com prop\u00f3sito social<\/strong><\/h2>\n\n\n\n<p>A m\u00e1quina instalada na Pra\u00e7a Lions permanece dispon\u00edvel durante todo o expediente comercial, oferecendo doses autom\u00e1ticas de caf\u00e9 e outras bebidas. O objetivo, segundo a&nbsp;<strong>Secretaria de Governo (Segov)<\/strong>, \u00e9 criar um espa\u00e7o de conviv\u00eancia e hospitalidade para os cidad\u00e3os.<\/p>\n\n\n\n<p>A proposta faz parte de uma s\u00e9rie de a\u00e7\u00f5es da administra\u00e7\u00e3o municipal que visam&nbsp;<strong>fortalecer o sentimento de comunidade<\/strong>&nbsp;e melhorar a experi\u00eancia dos moradores nos espa\u00e7os p\u00fablicos.<\/p>\n\n\n\n<blockquote class=\"wp-block-quote is-layout-flow wp-block-quote-is-layout-flow\">\n<p>\u201cVamos fazer de Sorocaba a melhor cidade do Brasil para se viver\u201d, destacou o prefeito em sua publica\u00e7\u00e3o, refor\u00e7ando o lema de seu governo.<\/p>\n<\/blockquote>\n\n\n\n<p>A Prefeitura informou que o sucesso do projeto pode levar \u00e0&nbsp;<strong>expans\u00e3o do servi\u00e7o<\/strong>&nbsp;para outras pra\u00e7as e espa\u00e7os p\u00fablicos da cidade nos pr\u00f3ximos meses.<\/p>\n","protected":false},"excerpt":{"rendered":"<p>Desde\u00a0setembro, moradores e visitantes de\u00a0Sorocaba (SP)\u00a0podem saborear gratuitamente caf\u00e9 expresso, cappuccino e chocolate quente na\u00a0Pra\u00e7a Lions, em uma iniciativa in\u00e9dita autorizada pela Prefeitura e que vem chamando a aten\u00e7\u00e3o nas redes sociais. O programa, batizado de\u00a0\u201cCaf\u00e9 na Pra\u00e7a Lions\u201d, come\u00e7ou no dia\u00a022 de setembro\u00a0e oferece bebidas quentes de segunda a sexta-feira, das\u00a08h \u00e0s 17h, no [&hellip;]<\/p>\n","protected":false},"author":9,"featured_media":9705,"comment_status":"closed","ping_status":"closed","sticky":false,"template":"","format":"standard","meta":{"jnews-multi-image_gallery":[],"jnews_single_post":{"format":"standard"},"jnews_primary_category":[],"jnews_social_meta":[],"jnews_override_counter":[],"jnews_post_split":[],"footnotes":""},"categories":[1],"tags":[],"class_list":["post-22570","post","type-post","status-publish","format-standard","has-post-thumbnail","hentry","category-geral"],"_referencia":"","_links":{"self":[{"href":"https:\/\/diariodocomercio.com.br\/mix\/wp-json\/wp\/v2\/posts\/22570","targetHints":{"allow":["GET"]}}],"collection":[{"href":"https:\/\/diariodocomercio.com.br\/mix\/wp-json\/wp\/v2\/posts"}],"about":[{"href":"https:\/\/diariodocomercio.com.br\/mix\/wp-json\/wp\/v2\/types\/post"}],"author":[{"embeddable":true,"href":"https:\/\/diariodocomercio.com.br\/mix\/wp-json\/wp\/v2\/users\/9"}],"replies":[{"embeddable":true,"href":"https:\/\/diariodocomercio.com.br\/mix\/wp-json\/wp\/v2\/comments?post=22570"}],"version-history":[{"count":1,"href":"https:\/\/diariodocomercio.com.br\/mix\/wp-json\/wp\/v2\/posts\/22570\/revisions"}],"predecessor-version":[{"id":22571,"href":"https:\/\/diariodocomercio.com.br\/mix\/wp-json\/wp\/v2\/posts\/22570\/revisions\/22571"}],"wp:featuredmedia":[{"embeddable":true,"href":"https:\/\/diariodocomercio.com.br\/mix\/wp-json\/wp\/v2\/media\/9705"}],"wp:attachment":[{"href":"https:\/\/diariodocomercio.com.br\/mix\/wp-json\/wp\/v2\/media?parent=22570"}],"wp:term":[{"taxonomy":"category","embeddable":true,"href":"https:\/\/diariodocomercio.com.br\/mix\/wp-json\/wp\/v2\/categories?post=22570"},{"taxonomy":"post_tag","embeddable":true,"href":"https:\/\/diariodocomercio.com.br\/mix\/wp-json\/wp\/v2\/tags?post=22570"}],"curies":[{"name":"wp","href":"https:\/\/api.w.org\/{rel}","templated":true}]}}