{"id":2261,"date":"2025-02-01T10:52:46","date_gmt":"2025-02-01T13:52:46","guid":{"rendered":"https:\/\/diariodocomercio.com.br\/mix\/?p=2261"},"modified":"2025-01-29T11:12:15","modified_gmt":"2025-01-29T14:12:15","slug":"quem-foi-a-unica-pessoa-a-ganhar-r-1-milhao-no-quem-quer-ser-um-milionario","status":"publish","type":"post","link":"https:\/\/diariodocomercio.com.br\/mix\/quem-foi-a-unica-pessoa-a-ganhar-r-1-milhao-no-quem-quer-ser-um-milionario\/","title":{"rendered":"Quem foi a \u00fanica pessoa a ganhar R$ 1 milh\u00e3o no &#8220;Quem Quer Ser um Milion\u00e1rio?&#8221;"},"content":{"rendered":"\n<p>Em 2017, o apresentador Luciano Huck trouxe para o seu programa, na \u00e9poca, o Caldeir\u00e3o do Huck, o quadro &#8220;<a href=\"https:\/\/diariodocomercio.com.br\/mix\/como-vencedora-do-quem-quer-ser-um-milionario-conseguiu-quase-duplicar-o-premio-de-r-1-milhao\/\" target=\"_blank\" data-type=\"post\" data-id=\"2257\" rel=\"noreferrer noopener\">Quem Quer Ser um Milion\u00e1rio?<\/a>&#8220;. O formato importado \u00e9 um jogo de perguntas e respostas, em que o participante precisa acertar 15 perguntas para levar R$ 1 milh\u00e3o para casa. Foi s\u00f3 seis anos depois, em dezembro de 2023, que tivemos a primeira milion\u00e1ria a sair do programa. <\/p>\n\n\n\n<p>A vencedora foi a jornalista pernambucana Jullie Dutra. A vida da pernambucana foi marcada pela busca por conhecimento e por resili\u00eancia &#8211; palavra que ela at\u00e9 tatuou no pulso. Ela passou um ano estudando medicina em Cuba at\u00e9 perceber que aquilo n\u00e3o era o que ela queria. <em>&#8220;N\u00e3o era minha praia. Voltei bem desacreditada em mim. Queria fazer jornalismo e fui morar num pensionato e vendi charutos que trouxe, para pagar os estudos&#8221;<\/em>, relembrou Jullie. <\/p>\n\n\n\n<p>O pai da pernambucana foi assassinado quanto ela tinha apenas cinco anos de idade e, aos 27 anos, ela tamb\u00e9m perdeu a m\u00e3e, que morreu ap\u00f3s sofrer um AVC. No programa, ela mencionou que havia encontrado uma segunda m\u00e3e, do cora\u00e7\u00e3o, em Carmelita. Inclusive, uma das suas metas com o pr\u00eamio era comprar uma casa para Carmelita &#8211; coisa que ela j\u00e1 fez! Jullie tamb\u00e9m \u00e9 m\u00e3e da pequena Maria Helena, que est\u00e1 no espectro autista, e tamb\u00e9m queria o dinheiro para dar uma vida melhor para a filha.<\/p>\n\n\n\n<h2 class=\"wp-block-heading\">Como a vencedora do &#8220;Quem Quer Ser um Milion\u00e1rio?&#8221; est\u00e1 hoje em dia?<\/h2>\n\n\n\n<p>Quase um ano depois de ganhar o pr\u00eamio, Jullie conseguiu comprar a casa para Carmelita e, com o rendimento de uma cartela de investimentos diversa, ela conseguiu praticamente duplicar o pr\u00eamio, segundo a pr\u00f3pria. <\/p>\n\n\n\n<p>Ela tamb\u00e9m investiu o pr\u00eamio para lan\u00e7ar o seu primeiro livro: &#8220;A Pequena Milion\u00e1ria&#8221;. Dedicado ao p\u00fablico infantil, o livro reconta sua trajet\u00f3ria e defende a import\u00e2ncia da educa\u00e7\u00e3o na vida de todos.<\/p>\n","protected":false},"excerpt":{"rendered":"<p>Depois de seis anos, o &#8220;Quem Quer Ser um Milion\u00e1rio?&#8221; teve seu primeiro participante a sair milion\u00e1rio em dezembro de 2023.<\/p>\n","protected":false},"author":6,"featured_media":2258,"comment_status":"closed","ping_status":"closed","sticky":false,"template":"","format":"standard","meta":{"jnews-multi-image_gallery":[],"jnews_single_post":{"format":"standard"},"jnews_primary_category":[],"jnews_social_meta":[],"jnews_override_counter":[],"jnews_post_split":[],"footnotes":""},"categories":[1],"tags":[],"class_list":["post-2261","post","type-post","status-publish","format-standard","has-post-thumbnail","hentry","category-geral"],"_referencia":"","_links":{"self":[{"href":"https:\/\/diariodocomercio.com.br\/mix\/wp-json\/wp\/v2\/posts\/2261","targetHints":{"allow":["GET"]}}],"collection":[{"href":"https:\/\/diariodocomercio.com.br\/mix\/wp-json\/wp\/v2\/posts"}],"about":[{"href":"https:\/\/diariodocomercio.com.br\/mix\/wp-json\/wp\/v2\/types\/post"}],"author":[{"embeddable":true,"href":"https:\/\/diariodocomercio.com.br\/mix\/wp-json\/wp\/v2\/users\/6"}],"replies":[{"embeddable":true,"href":"https:\/\/diariodocomercio.com.br\/mix\/wp-json\/wp\/v2\/comments?post=2261"}],"version-history":[{"count":1,"href":"https:\/\/diariodocomercio.com.br\/mix\/wp-json\/wp\/v2\/posts\/2261\/revisions"}],"predecessor-version":[{"id":2262,"href":"https:\/\/diariodocomercio.com.br\/mix\/wp-json\/wp\/v2\/posts\/2261\/revisions\/2262"}],"wp:featuredmedia":[{"embeddable":true,"href":"https:\/\/diariodocomercio.com.br\/mix\/wp-json\/wp\/v2\/media\/2258"}],"wp:attachment":[{"href":"https:\/\/diariodocomercio.com.br\/mix\/wp-json\/wp\/v2\/media?parent=2261"}],"wp:term":[{"taxonomy":"category","embeddable":true,"href":"https:\/\/diariodocomercio.com.br\/mix\/wp-json\/wp\/v2\/categories?post=2261"},{"taxonomy":"post_tag","embeddable":true,"href":"https:\/\/diariodocomercio.com.br\/mix\/wp-json\/wp\/v2\/tags?post=2261"}],"curies":[{"name":"wp","href":"https:\/\/api.w.org\/{rel}","templated":true}]}}