{"id":22656,"date":"2025-10-19T10:28:00","date_gmt":"2025-10-19T13:28:00","guid":{"rendered":"https:\/\/diariodocomercio.com.br\/mix\/?p=22656"},"modified":"2025-10-17T17:00:00","modified_gmt":"2025-10-17T20:00:00","slug":"comprimido-acessivel-ganha-nova-funcao-protege-contra-varios-tipos-de-cancer","status":"publish","type":"post","link":"https:\/\/diariodocomercio.com.br\/mix\/comprimido-acessivel-ganha-nova-funcao-protege-contra-varios-tipos-de-cancer\/","title":{"rendered":"Comprimido acess\u00edvel ganha nova fun\u00e7\u00e3o: protege contra v\u00e1rios tipos de c\u00e2ncer"},"content":{"rendered":"\n<p>Pesquisadores da Universidade de Cambridge divulgaram novos achados sobre o impacto da<strong> aspirina<\/strong> na <strong>preven\u00e7\u00e3o da met\u00e1stase do c\u00e2ncer.<\/strong> O estudo, publicado na revista Nature, examinou o efeito do medicamento, comumente utilizado para aliviar dores, na dissemina\u00e7\u00e3o de c\u00e9lulas cancer\u00edgenas em camundongos.<\/p>\n\n\n\n<p>Os resultados sugerem que a aspirina pode oferecer um potencial tratamento complementar no combate ao c\u00e2ncer.<\/p>\n\n\n\n<h2 class=\"wp-block-heading\">Detalhes da pesquisa&nbsp;<\/h2>\n\n\n\n<p>Os pesquisadores analisaram 810 genes de camundongos e identificaram 15 que influenciam na met\u00e1stase do c\u00e2ncer. Foi observado que a aus\u00eancia do gene ARHGEF1, respons\u00e1vel por suprimir c\u00e9lulas T \u2014 c\u00e9lulas imunol\u00f3gicas cr\u00edticas para o combate a c\u00e9lulas cancerosas \u2014 resultou em menos met\u00e1stases em \u00f3rg\u00e3os como f\u00edgado e pulm\u00f5es.<\/p>\n\n\n\n<p>A aspirina se mostrou eficaz em inibir a produ\u00e7\u00e3o de tromboxano A2 (TXA2), um fator de coagula\u00e7\u00e3o que ativa o gene ARHGEF1, permitindo uma <strong>resposta imunol\u00f3gica mais eficaz.<\/strong><\/p>\n\n\n\n<h2 class=\"wp-block-heading\">Benef\u00edcios e limita\u00e7\u00f5es do uso de aspirina<\/h2>\n\n\n\n<p>Os achados indicam que bloqueando o TXA2, a aspirina libera as c\u00e9lulas T para combater c\u00e9lulas cancerosas metast\u00e1ticas, especialmente em c\u00e2nceres de<strong> mama, pele<\/strong> e <strong>c\u00f3lon.<\/strong><\/p>\n\n\n\n<p>No entanto, \u00e9 importante abordar esses resultados com cautela, pois os testes foram realizados apenas em modelos animais. A efic\u00e1cia e seguran\u00e7a em humanos ainda dependem de futuros estudos cl\u00ednicos.<\/p>\n\n\n\n<p>Apesar dos resultados promissores, a automedica\u00e7\u00e3o com aspirina n\u00e3o \u00e9 indicada. Entre os efeitos colaterais graves da aspirina, est\u00e3o hemorragias e \u00falceras estomacais. Por isso, mais pesquisas s\u00e3o necess\u00e1rias para entender para quais tipos de c\u00e2ncer e quais pacientes o uso do medicamento seria seguro e eficaz.<\/p>\n","protected":false},"excerpt":{"rendered":"<p>Estudo, publicado na revista Nature, examinou o efeito do medicamento.<\/p>\n","protected":false},"author":12,"featured_media":14679,"comment_status":"closed","ping_status":"closed","sticky":false,"template":"","format":"standard","meta":{"jnews-multi-image_gallery":[],"jnews_single_post":{"format":"standard"},"jnews_primary_category":[],"jnews_social_meta":[],"jnews_override_counter":[],"jnews_post_split":[],"footnotes":""},"categories":[1],"tags":[],"class_list":["post-22656","post","type-post","status-publish","format-standard","has-post-thumbnail","hentry","category-geral"],"_referencia":"","_links":{"self":[{"href":"https:\/\/diariodocomercio.com.br\/mix\/wp-json\/wp\/v2\/posts\/22656","targetHints":{"allow":["GET"]}}],"collection":[{"href":"https:\/\/diariodocomercio.com.br\/mix\/wp-json\/wp\/v2\/posts"}],"about":[{"href":"https:\/\/diariodocomercio.com.br\/mix\/wp-json\/wp\/v2\/types\/post"}],"author":[{"embeddable":true,"href":"https:\/\/diariodocomercio.com.br\/mix\/wp-json\/wp\/v2\/users\/12"}],"replies":[{"embeddable":true,"href":"https:\/\/diariodocomercio.com.br\/mix\/wp-json\/wp\/v2\/comments?post=22656"}],"version-history":[{"count":1,"href":"https:\/\/diariodocomercio.com.br\/mix\/wp-json\/wp\/v2\/posts\/22656\/revisions"}],"predecessor-version":[{"id":22659,"href":"https:\/\/diariodocomercio.com.br\/mix\/wp-json\/wp\/v2\/posts\/22656\/revisions\/22659"}],"wp:featuredmedia":[{"embeddable":true,"href":"https:\/\/diariodocomercio.com.br\/mix\/wp-json\/wp\/v2\/media\/14679"}],"wp:attachment":[{"href":"https:\/\/diariodocomercio.com.br\/mix\/wp-json\/wp\/v2\/media?parent=22656"}],"wp:term":[{"taxonomy":"category","embeddable":true,"href":"https:\/\/diariodocomercio.com.br\/mix\/wp-json\/wp\/v2\/categories?post=22656"},{"taxonomy":"post_tag","embeddable":true,"href":"https:\/\/diariodocomercio.com.br\/mix\/wp-json\/wp\/v2\/tags?post=22656"}],"curies":[{"name":"wp","href":"https:\/\/api.w.org\/{rel}","templated":true}]}}