{"id":2299,"date":"2025-01-30T09:35:18","date_gmt":"2025-01-30T12:35:18","guid":{"rendered":"https:\/\/diariodocomercio.com.br\/mix\/?p=2299"},"modified":"2025-01-30T09:35:19","modified_gmt":"2025-01-30T12:35:19","slug":"o-que-se-comemora-no-dia-2-de-fevereiro-saiba-o-que-significa-o-feriado","status":"publish","type":"post","link":"https:\/\/diariodocomercio.com.br\/mix\/o-que-se-comemora-no-dia-2-de-fevereiro-saiba-o-que-significa-o-feriado\/","title":{"rendered":"O que se comemora no dia 2 de fevereiro? Saiba o que significa o feriado"},"content":{"rendered":"\n<p>Na maior parte parte do Brasil, o 2 de fevereiro n\u00e3o \u00e9 feriado, mas em Porto Alegre, capital do Rio Grande do Sul, sim. Ali\u00e1s, este ano, o feriado caiu em um domingo (para a tristeza dos trabalhadores e estudantes). 2 de fevereiro \u00e9 feriado municipal em homenagem \u00e0 Nossa Senhora dos Navegantes e \u00e0 Iemanj\u00e1.<\/p>\n\n\n\n<p>Ps: a data para celebrar Iemanj\u00e1 n\u00e3o \u00e9 un\u00e2nime no pa\u00eds. No Cear\u00e1, por exemplo, o Dia de Iemanj\u00e1 \u00e9 em <strong>15 de agosto<\/strong>.<\/p>\n\n\n\n<p>Em 2024, o calend\u00e1rio municipal de Porto Alegre incluiu pela primeira vez a celebra\u00e7\u00e3o \u00e0 Iemanj\u00e1. At\u00e9 2023, a data constava apenas como Dia de Nossa Senhora dos Navegantes, a padroeira da capital ga\u00facha. <\/p>\n\n\n\n<h2 class=\"wp-block-heading\">Nossa Senhora dos Navegantes e Iemanj\u00e1<\/h2>\n\n\n\n<p>Nossa Senhora dos Navegantes, como o pr\u00f3prio nome j\u00e1 indica, \u00e9 a protetora dos marinheiros e pescadores. A aproxima\u00e7\u00e3o com Iemanj\u00e1 \u00e9 bem compreens\u00edvel. Cultuada na Umbanda, no Candombl\u00e9 e em outras religi\u00f5es Afro-brasileiras, o Orix\u00e1 Iemanj\u00e1 \u00e9 a Rainha das \u00e1guas mares e oceanos. Matriarca espiritual das \u00e1guas, ela \u00e9 um s\u00edmbolo de for\u00e7a feminina, prote\u00e7\u00e3o e generosidade.<\/p>\n\n\n\n<p>Em Porto Alegre, os cat\u00f3licos celebram o 2 de fevereiro com cultos religiosos, al\u00e9m de uma prociss\u00e3o levando a imagem da santa do Santu\u00e1rio dos Navegantes at\u00e9 o Santu\u00e1rio de Nossa Senhora do Ros\u00e1rio, um percurso de dez quil\u00f4metros acompanhado por dezenas de fi\u00e9is.<\/p>\n\n\n\n<p>Entre as religi\u00f5es de matriz africana, o Dia de Iemanj\u00e1 \u00e9 celebrado com oferendas nas primeiras horas do dia. Outra tradi\u00e7\u00e3o \u00e9, se poss\u00edvel, ir ao mar para fazer suas ora\u00e7\u00f5es e agradecimentos, al\u00e9m de usar vestes brancas.<\/p>\n\n\n\n<p>Durante o per\u00edodo da escravid\u00e3o no Brasil, os negros escravizados eram proibidos de cultuar suas divindades e celebrar suas cren\u00e7as, j\u00e1 que o catolicismo era imposto sobre eles como mais uma forma de domina\u00e7\u00e3o. Para driblar as puni\u00e7\u00f5es, os escravizados criaram uma aproxima\u00e7\u00e3o das caracter\u00edsticas de santos cat\u00f3licos aos dos orix\u00e1s, inquices ou voduns, divindades de religi\u00f5es de matriz africana. Dessa forma, eles cultuavam seus orix\u00e1s atrav\u00e9s das imagens de santos &#8211; o que n\u00e3o significa que eles sejam a mesma coisa. <\/p>\n","protected":false},"excerpt":{"rendered":"<p>2 de fevereiro \u00e9 feriado municipal na capital do Rio Grande do Sul, Porto Alegre, e \u00e9 uma data importante para mais de uma religi\u00e3o.<\/p>\n","protected":false},"author":6,"featured_media":2302,"comment_status":"closed","ping_status":"closed","sticky":false,"template":"","format":"standard","meta":{"jnews-multi-image_gallery":[],"jnews_single_post":{"format":"standard"},"jnews_primary_category":[],"jnews_social_meta":[],"jnews_override_counter":[],"jnews_post_split":[],"footnotes":""},"categories":[1],"tags":[],"class_list":["post-2299","post","type-post","status-publish","format-standard","has-post-thumbnail","hentry","category-geral"],"_referencia":"","_links":{"self":[{"href":"https:\/\/diariodocomercio.com.br\/mix\/wp-json\/wp\/v2\/posts\/2299","targetHints":{"allow":["GET"]}}],"collection":[{"href":"https:\/\/diariodocomercio.com.br\/mix\/wp-json\/wp\/v2\/posts"}],"about":[{"href":"https:\/\/diariodocomercio.com.br\/mix\/wp-json\/wp\/v2\/types\/post"}],"author":[{"embeddable":true,"href":"https:\/\/diariodocomercio.com.br\/mix\/wp-json\/wp\/v2\/users\/6"}],"replies":[{"embeddable":true,"href":"https:\/\/diariodocomercio.com.br\/mix\/wp-json\/wp\/v2\/comments?post=2299"}],"version-history":[{"count":2,"href":"https:\/\/diariodocomercio.com.br\/mix\/wp-json\/wp\/v2\/posts\/2299\/revisions"}],"predecessor-version":[{"id":2303,"href":"https:\/\/diariodocomercio.com.br\/mix\/wp-json\/wp\/v2\/posts\/2299\/revisions\/2303"}],"wp:featuredmedia":[{"embeddable":true,"href":"https:\/\/diariodocomercio.com.br\/mix\/wp-json\/wp\/v2\/media\/2302"}],"wp:attachment":[{"href":"https:\/\/diariodocomercio.com.br\/mix\/wp-json\/wp\/v2\/media?parent=2299"}],"wp:term":[{"taxonomy":"category","embeddable":true,"href":"https:\/\/diariodocomercio.com.br\/mix\/wp-json\/wp\/v2\/categories?post=2299"},{"taxonomy":"post_tag","embeddable":true,"href":"https:\/\/diariodocomercio.com.br\/mix\/wp-json\/wp\/v2\/tags?post=2299"}],"curies":[{"name":"wp","href":"https:\/\/api.w.org\/{rel}","templated":true}]}}