{"id":2304,"date":"2025-01-30T10:22:59","date_gmt":"2025-01-30T13:22:59","guid":{"rendered":"https:\/\/diariodocomercio.com.br\/mix\/?p=2304"},"modified":"2025-01-30T10:23:00","modified_gmt":"2025-01-30T13:23:00","slug":"iphones-sao-afetados-em-nova-atualizacao-de-seguranca-da-apple-saiba-se-o-seu-esta-na-lista","status":"publish","type":"post","link":"https:\/\/diariodocomercio.com.br\/mix\/iphones-sao-afetados-em-nova-atualizacao-de-seguranca-da-apple-saiba-se-o-seu-esta-na-lista\/","title":{"rendered":"iPhones s\u00e3o afetados em nova atualiza\u00e7\u00e3o de seguran\u00e7a da Apple; saiba se o seu est\u00e1 na lista"},"content":{"rendered":"\n<p>A partir desta segunda-feira (27), a Apple come\u00e7ou a disponibilizar atualiza\u00e7\u00f5es de seguran\u00e7a para corrigir uma vulnerabilidade que tem sido usada em v\u00e1rios ataques direcionados aos usu\u00e1rios de iPhones, principalmente. <\/p>\n\n\n\n<p>A falha de seguran\u00e7a, rastreada como CVE-2025-24085, \u00e9 uma falha de <em>&#8220;escalonamento de privil\u00e9gios no componente Core Media&#8221;<\/em>, explica o TecMundo. Se voc\u00ea j\u00e1 tiver um aplicativo malicioso instalado no aparelho, ele consegue explorar essa falha para elevar seus privil\u00e9gios e realizar diversas atividades. A empresa n\u00e3o divulgou muitos detalhes sobre quem seriam os alvos desses ataques, nem sobre quais foram os pesquisadores que descobriram o bug.<\/p>\n\n\n\n<h2 class=\"wp-block-heading\">A Apple divulgou uma lista dos dispositivos afetados pela falha<\/h2>\n\n\n\n<p>Se o seu iPhone ou dispositivo for um desses, a recomenda\u00e7\u00e3o da Apple \u00e9 que voc\u00ea instale a atualiza\u00e7\u00e3o de seguran\u00e7a lan\u00e7ada esta semana. <\/p>\n\n\n\n<ul class=\"wp-block-list\">\n<li>iPhone XS e posteriores;<\/li>\n\n\n\n<li>iPad Pro de 13 polegadas, iPad Pro de 12,9 polegadas de 3\u00aa gera\u00e7\u00e3o e posterior, iPad Pro de 11 polegadas de 1\u00aa gera\u00e7\u00e3o e posterior, iPad Air de 3\u00aa gera\u00e7\u00e3o e posterior, iPad de 7\u00aa gera\u00e7\u00e3o e posterior e iPad mini de 5\u00aa gera\u00e7\u00e3o e posterior;<\/li>\n\n\n\n<li>macOS Sequoia;<\/li>\n\n\n\n<li>Apple Watch Series 6 e posterior;<\/li>\n\n\n\n<li>Apple TV HD e Apple TV 4K (todos os modelos).<\/li>\n<\/ul>\n\n\n\n<p>A atualiza\u00e7\u00e3o est\u00e1 dispon\u00edvel para os sistemas:<\/p>\n\n\n\n<ul class=\"wp-block-list\">\n<li>iOS 18.3;<\/li>\n\n\n\n<li>iPadOS 18.3;<\/li>\n\n\n\n<li>macOS Sequoia 15.3;<\/li>\n\n\n\n<li>watchOS 11.3;<\/li>\n\n\n\n<li>visionOS 2.3;<\/li>\n\n\n\n<li>tvOS 18.3.<\/li>\n<\/ul>\n\n\n\n<h2 class=\"wp-block-heading\">Descubra se o seu iPhone consegue baixar a atualiza\u00e7\u00e3o mais recente da Apple<\/h2>\n\n\n\n<p>Confira os modelos compat\u00edveis com o sistema iOS 18.3:<\/p>\n\n\n\n<ul class=\"wp-block-list\">\n<li>iPhone XR;<\/li>\n\n\n\n<li>iPhone XS;<\/li>\n\n\n\n<li>iPhone XS Max;<\/li>\n\n\n\n<li>iPhone 11;<\/li>\n\n\n\n<li>iPhone 11 Pro;<\/li>\n\n\n\n<li>iPhone 11 Pro Max;<\/li>\n\n\n\n<li>iPhone 12 mini;<\/li>\n\n\n\n<li>iPhone 12;<\/li>\n\n\n\n<li>iPhone 12 Pro;<\/li>\n\n\n\n<li>iPhone 12 Pro Max;<\/li>\n\n\n\n<li>iPhone 13 mini;<\/li>\n\n\n\n<li>iPhone 13;<\/li>\n\n\n\n<li>iPhone 13 Pro;<\/li>\n\n\n\n<li>iPhone 13 Pro Max;<\/li>\n\n\n\n<li>iPhone 14;<\/li>\n\n\n\n<li>iPhone 14 Plus;<\/li>\n\n\n\n<li>iPhone 14 Pro;<\/li>\n\n\n\n<li>iPhone 14 Pro Max;<\/li>\n\n\n\n<li>iPhone 15;<\/li>\n\n\n\n<li>iPhone 15 Plus;<\/li>\n\n\n\n<li>iPhone 15 Pro;<\/li>\n\n\n\n<li>iPhone 15 Pro Max;<\/li>\n\n\n\n<li>iPhone 16;<\/li>\n\n\n\n<li>iPhone 16 Plus;<\/li>\n\n\n\n<li>iPhone 16 Pro;<\/li>\n\n\n\n<li>iPhone 16 Pro Max;<\/li>\n\n\n\n<li>iPhone SE (2\u00aa gera\u00e7\u00e3o);<\/li>\n\n\n\n<li>iPhone SE (3\u00aa gera\u00e7\u00e3o).<\/li>\n<\/ul>\n","protected":false},"excerpt":{"rendered":"<p>Recentemente, a Apple lan\u00e7ou uma nova atualiza\u00e7\u00e3o para corrigir uma falha de seguran\u00e7a encontrada em v\u00e1rios iPhones.<\/p>\n","protected":false},"author":6,"featured_media":2306,"comment_status":"closed","ping_status":"closed","sticky":false,"template":"","format":"standard","meta":{"jnews-multi-image_gallery":[],"jnews_single_post":{"format":"standard"},"jnews_primary_category":[],"jnews_social_meta":[],"jnews_override_counter":[],"jnews_post_split":[],"footnotes":""},"categories":[1],"tags":[],"class_list":["post-2304","post","type-post","status-publish","format-standard","has-post-thumbnail","hentry","category-geral"],"_referencia":"","_links":{"self":[{"href":"https:\/\/diariodocomercio.com.br\/mix\/wp-json\/wp\/v2\/posts\/2304","targetHints":{"allow":["GET"]}}],"collection":[{"href":"https:\/\/diariodocomercio.com.br\/mix\/wp-json\/wp\/v2\/posts"}],"about":[{"href":"https:\/\/diariodocomercio.com.br\/mix\/wp-json\/wp\/v2\/types\/post"}],"author":[{"embeddable":true,"href":"https:\/\/diariodocomercio.com.br\/mix\/wp-json\/wp\/v2\/users\/6"}],"replies":[{"embeddable":true,"href":"https:\/\/diariodocomercio.com.br\/mix\/wp-json\/wp\/v2\/comments?post=2304"}],"version-history":[{"count":1,"href":"https:\/\/diariodocomercio.com.br\/mix\/wp-json\/wp\/v2\/posts\/2304\/revisions"}],"predecessor-version":[{"id":2307,"href":"https:\/\/diariodocomercio.com.br\/mix\/wp-json\/wp\/v2\/posts\/2304\/revisions\/2307"}],"wp:featuredmedia":[{"embeddable":true,"href":"https:\/\/diariodocomercio.com.br\/mix\/wp-json\/wp\/v2\/media\/2306"}],"wp:attachment":[{"href":"https:\/\/diariodocomercio.com.br\/mix\/wp-json\/wp\/v2\/media?parent=2304"}],"wp:term":[{"taxonomy":"category","embeddable":true,"href":"https:\/\/diariodocomercio.com.br\/mix\/wp-json\/wp\/v2\/categories?post=2304"},{"taxonomy":"post_tag","embeddable":true,"href":"https:\/\/diariodocomercio.com.br\/mix\/wp-json\/wp\/v2\/tags?post=2304"}],"curies":[{"name":"wp","href":"https:\/\/api.w.org\/{rel}","templated":true}]}}