{"id":2310,"date":"2025-01-30T11:00:33","date_gmt":"2025-01-30T14:00:33","guid":{"rendered":"https:\/\/diariodocomercio.com.br\/mix\/?p=2310"},"modified":"2025-01-30T11:00:34","modified_gmt":"2025-01-30T14:00:34","slug":"feriados-em-fevereiro-de-2025-confira-calendario-com-todos","status":"publish","type":"post","link":"https:\/\/diariodocomercio.com.br\/mix\/feriados-em-fevereiro-de-2025-confira-calendario-com-todos\/","title":{"rendered":"Feriados em fevereiro de 2025: confira calend\u00e1rio com todos"},"content":{"rendered":"\n<p>Para a tristeza do trabalhador e do estudante, n\u00e3o vamos ter nenhum feriado nacional &#8211; nem ponto facultativo &#8211; em fevereiro de 2025. <\/p>\n\n\n\n<p>Uma das raras exce\u00e7\u00f5es \u00e9 o dia <a href=\"https:\/\/diariodocomercio.com.br\/mix\/o-que-se-comemora-no-dia-2-de-fevereiro-saiba-o-que-significa-o-feriado\/\" data-type=\"post\" data-id=\"2299\" target=\"_blank\" rel=\"noreferrer noopener\">2 de fevereiro<\/a> &#8211; que caiu um um domingo este ano&#8230; -, feriado municipal em Porto Alegre (Rio Grande do Sul). A data \u00e9 em homenagem ao Orix\u00e1 Iemanj\u00e1, cultuado em religi\u00f5es de matriz africana como Candombl\u00e9 e Umbanda, e a Nossa Senhora dos Navegantes, padroeira do munic\u00edpio.<\/p>\n\n\n\n<h2 class=\"wp-block-heading\">Por que o Carnaval n\u00e3o \u00e9 em fevereiro esse ano?<\/h2>\n\n\n\n<p>Apesar de fevereiro ser o m\u00eas mais tradicionalmente associado \u00e0 festa mais famosa do Brasil, o Carnaval n\u00e3o tem uma data fixa e acontece em mar\u00e7o este ano. A data \u00e9 decidida pela Igreja Cat\u00f3lica e depende da data que for escolhida para a P\u00e1scoa &#8211; que depende do calend\u00e1rio lunar e da mudan\u00e7a de esta\u00e7\u00f5es.<\/p>\n\n\n\n<p>A P\u00e1scoa come\u00e7a com o Domingo de Ramos e esse dia precisa ser o primeiro domingo ap\u00f3s a lua cheia depois do equin\u00f3cio de mar\u00e7o. O equin\u00f3cio marca a chegada da primavera no hemisf\u00e9rio norte e do outono no sul. Na data, o dia e a noite t\u00eam a mesma dura\u00e7\u00e3o, e ela acontece em 20 de mar\u00e7o este ano. Em 2025, o Domingo de Ramos caiu no dia 13 de abril. A ter\u00e7a de Carnaval precisa acontecer 40 dias antes: no dia 4 de mar\u00e7o.<\/p>\n\n\n\n<figure class=\"wp-block-image size-large\"><img decoding=\"async\" width=\"1200\" height=\"798\" src=\"https:\/\/mix.diariodocomercio.com.br\/wp-content\/uploads\/2025\/01\/pexels-luhras-1974100-1200x798.jpg\" alt=\"carnaval\" class=\"wp-image-2249\" srcset=\"https:\/\/diariodocomercio.com.br\/mix\/wp-content\/uploads\/2025\/01\/pexels-luhras-1974100-1200x798.jpg 1200w, https:\/\/diariodocomercio.com.br\/mix\/wp-content\/uploads\/2025\/01\/pexels-luhras-1974100-300x199.jpg 300w, https:\/\/diariodocomercio.com.br\/mix\/wp-content\/uploads\/2025\/01\/pexels-luhras-1974100-768x511.jpg 768w, https:\/\/diariodocomercio.com.br\/mix\/wp-content\/uploads\/2025\/01\/pexels-luhras-1974100-150x100.jpg 150w, https:\/\/diariodocomercio.com.br\/mix\/wp-content\/uploads\/2025\/01\/pexels-luhras-1974100-750x499.jpg 750w, https:\/\/diariodocomercio.com.br\/mix\/wp-content\/uploads\/2025\/01\/pexels-luhras-1974100-1140x758.jpg 1140w, https:\/\/diariodocomercio.com.br\/mix\/wp-content\/uploads\/2025\/01\/pexels-luhras-1974100.jpg 1280w\" sizes=\"(max-width: 1200px) 100vw, 1200px\" \/><figcaption class=\"wp-element-caption\">Foto de Luis Fernandes<\/figcaption><\/figure>\n\n\n\n<h2 class=\"wp-block-heading\">Confira em que dia da semana caem os feriados nacionais de 2025:<\/h2>\n\n\n\n<ul class=\"wp-block-list\">\n<li>1\u00ba de janeiro (quarta-feira) \u2013 Confraterniza\u00e7\u00e3o Universal;<\/li>\n\n\n\n<li>4 de mar\u00e7o (ter\u00e7a-feira) \u2013 Carnaval (ponto facultativo na maior parte do Brasil);<\/li>\n\n\n\n<li>18 de abril (sexta-feira) \u2013 Sexta-feira Santa;<\/li>\n\n\n\n<li>21 de abril (segunda-feira) \u2013 Tiradentes;<\/li>\n\n\n\n<li>1\u00ba de maio (quinta-feira) \u2013 Dia do Trabalho;<\/li>\n\n\n\n<li>19 de junho (quinta-feira) \u2013 Corpus Christi;<\/li>\n\n\n\n<li>7 de setembro (domingo) \u2013 Independ\u00eancia do Brasil;<\/li>\n\n\n\n<li>12 de outubro (domingo) \u2013 Nossa Senhora Aparecida;<\/li>\n\n\n\n<li>2 de novembro (domingo) \u2013 Finados;<\/li>\n\n\n\n<li>15 de novembro (s\u00e1bado) \u2013 Proclama\u00e7\u00e3o da Rep\u00fablica;<\/li>\n\n\n\n<li>20 de novembro (quinta-feira) \u2013 Dia da Consci\u00eancia Negra;<\/li>\n\n\n\n<li>25 de dezembro (quinta-feira) \u2013 Natal.<\/li>\n<\/ul>\n","protected":false},"excerpt":{"rendered":"<p>Para a tristeza do trabalhador e do estudante, n\u00e3o vamos ter feriado nacional &#8211; nem ponto facultativo, nem Carnaval &#8211; em fevereiro de 2025. <\/p>\n","protected":false},"author":6,"featured_media":2311,"comment_status":"closed","ping_status":"closed","sticky":false,"template":"","format":"standard","meta":{"jnews-multi-image_gallery":[],"jnews_single_post":{"format":"standard"},"jnews_primary_category":[],"jnews_social_meta":[],"jnews_override_counter":[],"jnews_post_split":[],"footnotes":""},"categories":[1],"tags":[],"class_list":["post-2310","post","type-post","status-publish","format-standard","has-post-thumbnail","hentry","category-geral"],"_referencia":"","_links":{"self":[{"href":"https:\/\/diariodocomercio.com.br\/mix\/wp-json\/wp\/v2\/posts\/2310","targetHints":{"allow":["GET"]}}],"collection":[{"href":"https:\/\/diariodocomercio.com.br\/mix\/wp-json\/wp\/v2\/posts"}],"about":[{"href":"https:\/\/diariodocomercio.com.br\/mix\/wp-json\/wp\/v2\/types\/post"}],"author":[{"embeddable":true,"href":"https:\/\/diariodocomercio.com.br\/mix\/wp-json\/wp\/v2\/users\/6"}],"replies":[{"embeddable":true,"href":"https:\/\/diariodocomercio.com.br\/mix\/wp-json\/wp\/v2\/comments?post=2310"}],"version-history":[{"count":1,"href":"https:\/\/diariodocomercio.com.br\/mix\/wp-json\/wp\/v2\/posts\/2310\/revisions"}],"predecessor-version":[{"id":2312,"href":"https:\/\/diariodocomercio.com.br\/mix\/wp-json\/wp\/v2\/posts\/2310\/revisions\/2312"}],"wp:featuredmedia":[{"embeddable":true,"href":"https:\/\/diariodocomercio.com.br\/mix\/wp-json\/wp\/v2\/media\/2311"}],"wp:attachment":[{"href":"https:\/\/diariodocomercio.com.br\/mix\/wp-json\/wp\/v2\/media?parent=2310"}],"wp:term":[{"taxonomy":"category","embeddable":true,"href":"https:\/\/diariodocomercio.com.br\/mix\/wp-json\/wp\/v2\/categories?post=2310"},{"taxonomy":"post_tag","embeddable":true,"href":"https:\/\/diariodocomercio.com.br\/mix\/wp-json\/wp\/v2\/tags?post=2310"}],"curies":[{"name":"wp","href":"https:\/\/api.w.org\/{rel}","templated":true}]}}