{"id":23166,"date":"2025-10-22T21:35:58","date_gmt":"2025-10-23T00:35:58","guid":{"rendered":"https:\/\/diariodocomercio.com.br\/mix\/?p=23166"},"modified":"2025-10-22T21:36:00","modified_gmt":"2025-10-23T00:36:00","slug":"onix-esta-muito-barato-chevrolet-acaba-de-lancar-promocao-com-parcelas-de-r-1-39955","status":"publish","type":"post","link":"https:\/\/diariodocomercio.com.br\/mix\/onix-esta-muito-barato-chevrolet-acaba-de-lancar-promocao-com-parcelas-de-r-1-39955\/","title":{"rendered":"Onix est\u00e1 MUITO barato: Chevrolet acaba de lan\u00e7ar promo\u00e7\u00e3o com parcelas de R$ 1.399,55"},"content":{"rendered":"\n<p>A Chevrolet iniciou uma nova campanha de vendas para o&nbsp;<strong>Onix 2025<\/strong>, um dos carros mais vendidos do Brasil. O modelo agora pode ser adquirido com&nbsp;<strong>parcelas a partir de R$ 1.399,55<\/strong>&nbsp;em um plano de financiamento direto com a montadora.<\/p>\n\n\n\n<p>De acordo com a fabricante, o&nbsp;<strong>Onix 1.0<\/strong>&nbsp;com pintura&nbsp;<strong>Azul Boreal<\/strong>&nbsp;est\u00e1 sendo oferecido por&nbsp;<strong>R$ 87.990 \u00e0 vista<\/strong>. No financiamento, o comprador paga&nbsp;<strong>entrada de R$ 28.790<\/strong>&nbsp;\u2014 equivalente a&nbsp;<strong>32,36% do valor total<\/strong>&nbsp;\u2014 e&nbsp;<strong>72 parcelas mensais de R$ 1.399,55<\/strong>. A taxa de juros \u00e9 a partir de&nbsp;<strong>1,46% ao m\u00eas<\/strong>, com&nbsp;<strong>custo efetivo total anual (CET)<\/strong>&nbsp;de&nbsp;<strong>20,54%<\/strong>.<\/p>\n\n\n\n<p>A promo\u00e7\u00e3o faz parte da estrat\u00e9gia da marca para&nbsp;<strong>estimular as vendas<\/strong>&nbsp;no \u00faltimo trimestre do ano, em meio \u00e0 forte concorr\u00eancia no segmento de hatches compactos.<\/p>\n\n\n\n<h3 class=\"wp-block-heading\">Onix lidera desvaloriza\u00e7\u00e3o entre os hatches<\/h3>\n\n\n\n<p>Mesmo sendo um dos carros mais populares do pa\u00eds, o Onix 1.0 foi o modelo que&nbsp;<strong>mais perdeu valor de mercado<\/strong>&nbsp;entre os compactos nos \u00faltimos 12 meses. O pre\u00e7o m\u00e9dio do zero-quil\u00f4metro caiu de&nbsp;<strong>R$ 88.071 em outubro de 2024 para R$ 76.318 neste m\u00eas<\/strong>, uma&nbsp;<strong>queda de R$ 11.753<\/strong>, o que representa&nbsp;<strong>desvaloriza\u00e7\u00e3o de 13,3%<\/strong>.<\/p>\n\n\n\n<p>Outros modelos da categoria tamb\u00e9m tiveram retra\u00e7\u00e3o, mas em menor propor\u00e7\u00e3o:<\/p>\n\n\n\n<ul class=\"wp-block-list\">\n<li><strong>Volkswagen Polo Track<\/strong>\u00a0\u2013 queda de 11%, passando de R$ 86.759 para R$ 77.170;<\/li>\n\n\n\n<li><strong>Hyundai HB20 Sense 1.0<\/strong>\u00a0\u2013 desvaloriza\u00e7\u00e3o de 9,6%, de R$ 79.714 para R$ 72.084;<\/li>\n\n\n\n<li><strong>Citro\u00ebn C3 Live 1.0<\/strong>\u00a0\u2013 recuo de 9,3%, de R$ 75.121 para R$ 68.126;<\/li>\n\n\n\n<li><strong>Fiat Argo 1.0 Flex<\/strong>\u00a0\u2013 baixa de 8,3%, de R$ 82.325 para R$ 75.494.<\/li>\n<\/ul>\n\n\n\n<p>Especialistas apontam que parte da queda de valor do Onix pode estar relacionada \u00e0&nbsp;<strong>crise envolvendo o sistema de correia dentada banhada a \u00f3leo<\/strong>, que afetou a percep\u00e7\u00e3o de confiabilidade do modelo no mercado de usados.<\/p>\n\n\n\n<h3 class=\"wp-block-heading\">Desempenho e consumo<\/h3>\n\n\n\n<p>O&nbsp;<strong>Chevrolet Onix 1.0<\/strong>&nbsp;\u00e9 equipado com&nbsp;<strong>motor tr\u00eas cilindros aspirado flex<\/strong>, que entrega at\u00e9&nbsp;<strong>82 cv de pot\u00eancia<\/strong>&nbsp;e&nbsp;<strong>10,6 kgfm de torque<\/strong>, acoplado a um&nbsp;<strong>c\u00e2mbio manual de seis marchas<\/strong>.<\/p>\n\n\n\n<p>Um dos pontos fortes do hatch \u00e9 o&nbsp;<strong>baixo consumo de combust\u00edvel<\/strong>:<\/p>\n\n\n\n<ul class=\"wp-block-list\">\n<li><strong>Cidade<\/strong>: at\u00e9 9,5 km\/l com etanol e 13,5 km\/l com gasolina;<\/li>\n\n\n\n<li><strong>Estrada<\/strong>: at\u00e9 11,3 km\/l com etanol e 16,3 km\/l com gasolina.<\/li>\n<\/ul>\n\n\n\n<p>Com tanque de 44 litros, o modelo pode percorrer&nbsp;<strong>at\u00e9 717 km<\/strong>&nbsp;com gasolina antes de precisar reabastecer.<\/p>\n","protected":false},"excerpt":{"rendered":"<p>A Chevrolet iniciou uma nova campanha de vendas para o&nbsp;Onix 2025, um dos carros mais vendidos do Brasil. O modelo agora pode ser adquirido com&nbsp;parcelas a partir de R$ 1.399,55&nbsp;em um plano de financiamento direto com a montadora. De acordo com a fabricante, o&nbsp;Onix 1.0&nbsp;com pintura&nbsp;Azul Boreal&nbsp;est\u00e1 sendo oferecido por&nbsp;R$ 87.990 \u00e0 vista. No financiamento, [&hellip;]<\/p>\n","protected":false},"author":9,"featured_media":8016,"comment_status":"closed","ping_status":"closed","sticky":false,"template":"","format":"standard","meta":{"jnews-multi-image_gallery":[],"jnews_single_post":{"format":"standard"},"jnews_primary_category":[],"jnews_social_meta":[],"jnews_override_counter":[],"jnews_post_split":[],"footnotes":""},"categories":[1],"tags":[],"class_list":["post-23166","post","type-post","status-publish","format-standard","has-post-thumbnail","hentry","category-geral"],"_referencia":"","_links":{"self":[{"href":"https:\/\/diariodocomercio.com.br\/mix\/wp-json\/wp\/v2\/posts\/23166","targetHints":{"allow":["GET"]}}],"collection":[{"href":"https:\/\/diariodocomercio.com.br\/mix\/wp-json\/wp\/v2\/posts"}],"about":[{"href":"https:\/\/diariodocomercio.com.br\/mix\/wp-json\/wp\/v2\/types\/post"}],"author":[{"embeddable":true,"href":"https:\/\/diariodocomercio.com.br\/mix\/wp-json\/wp\/v2\/users\/9"}],"replies":[{"embeddable":true,"href":"https:\/\/diariodocomercio.com.br\/mix\/wp-json\/wp\/v2\/comments?post=23166"}],"version-history":[{"count":2,"href":"https:\/\/diariodocomercio.com.br\/mix\/wp-json\/wp\/v2\/posts\/23166\/revisions"}],"predecessor-version":[{"id":23168,"href":"https:\/\/diariodocomercio.com.br\/mix\/wp-json\/wp\/v2\/posts\/23166\/revisions\/23168"}],"wp:featuredmedia":[{"embeddable":true,"href":"https:\/\/diariodocomercio.com.br\/mix\/wp-json\/wp\/v2\/media\/8016"}],"wp:attachment":[{"href":"https:\/\/diariodocomercio.com.br\/mix\/wp-json\/wp\/v2\/media?parent=23166"}],"wp:term":[{"taxonomy":"category","embeddable":true,"href":"https:\/\/diariodocomercio.com.br\/mix\/wp-json\/wp\/v2\/categories?post=23166"},{"taxonomy":"post_tag","embeddable":true,"href":"https:\/\/diariodocomercio.com.br\/mix\/wp-json\/wp\/v2\/tags?post=23166"}],"curies":[{"name":"wp","href":"https:\/\/api.w.org\/{rel}","templated":true}]}}