{"id":2331,"date":"2025-01-30T17:40:01","date_gmt":"2025-01-30T20:40:01","guid":{"rendered":"https:\/\/diariodocomercio.com.br\/mix\/?p=2331"},"modified":"2025-01-30T17:40:01","modified_gmt":"2025-01-30T20:40:01","slug":"regra-sobre-trabalho-nos-domingos-e-feriados-vai-mudar-alteracao-pode-acontecer-ainda-em-2025","status":"publish","type":"post","link":"https:\/\/diariodocomercio.com.br\/mix\/regra-sobre-trabalho-nos-domingos-e-feriados-vai-mudar-alteracao-pode-acontecer-ainda-em-2025\/","title":{"rendered":"Regra sobre trabalho nos domingos e feriados vai mudar? Altera\u00e7\u00e3o pode acontecer ainda em 2025"},"content":{"rendered":"\n<p>Desde 2023 que o governo federal quer alterar algumas normas trabalhistas e, segundo o Minist\u00e9rio do Trabalho e Emprego (MTE), a partir do dia 1\u00ba de julho de 2025 ser\u00e3o regulamentadas as novas regras sobre o trabalho aos domingos e feriados no com\u00e9rcio. A decis\u00e3o foi publicada no Di\u00e1rio Oficial da Uni\u00e3o no dia 20 de dezembro de 2024 e visa&nbsp;<\/p>\n\n\n\n<p>restabelecer a legalidade das folgas nesses dias espec\u00edficos.&nbsp;<\/p>\n\n\n\n<p>Atualmente, a Lei 10.101\/2000 rege o trabalho em feriados no com\u00e9rcio, a partir de acordos coletivos e o&nbsp; cumprimento das normas municipais. Mas, desde 2021, uma lei permitia que o trabalho em feriados sem a necessidade de acordos sindicais formais. Desde que o governo tentou modificar o texto, houve resist\u00eancias e debates sobre como alguns setores seriam prejudicados. Por isso, houve adiamentos para que as c\u00fapulas governamentais consigam entrar em um acordo com as empresas.&nbsp;<\/p>\n\n\n\n<h2 class=\"wp-block-heading\">Entenda como ser\u00e1 a nova regra de folgas em domingos e feriados<\/h2>\n\n\n\n<p>Inicialmente, o governo Lula queria que a nova lei entrasse em vigor no dia 1\u00b0 de janeiro de 2024, mas a C\u00e2mara dos Deputados barrou a medida assinada pelo Minist\u00e9rio do Trabalho. Segundo o relator do projeto, Luiz Gast\u00e3o (PSD-CE), era invi\u00e1vel proibir o trabalho aos feriados, afirmando que seria afetado a manuten\u00e7\u00e3o de empregos e arrecada\u00e7\u00e3o de impostos.<\/p>\n\n\n\n<p>Depois do texto ser discutido e voltado para a C\u00e2mara, ao que tudo indica, a nova lei vai estabelecer limites para esse tipo de jornada trabalhista, confirmando a necessidade de autoriza\u00e7\u00e3o pr\u00e9via para o funcionamento das empresas aos domingos e feriados.&nbsp;<\/p>\n","protected":false},"excerpt":{"rendered":"<p>Desde 2023 que o governo federal quer alterar algumas normas trabalhistas e, segundo o Minist\u00e9rio do Trabalho e Emprego (MTE), a partir do dia 1\u00ba de julho de 2025 ser\u00e3o regulamentadas as novas regras sobre o trabalho aos domingos e feriados no com\u00e9rcio. A decis\u00e3o foi publicada no Di\u00e1rio Oficial da Uni\u00e3o no dia 20 [&hellip;]<\/p>\n","protected":false},"author":7,"featured_media":2332,"comment_status":"closed","ping_status":"closed","sticky":false,"template":"","format":"standard","meta":{"jnews-multi-image_gallery":[],"jnews_single_post":{"format":"standard"},"jnews_primary_category":[],"jnews_social_meta":[],"jnews_override_counter":[],"jnews_post_split":[],"footnotes":""},"categories":[1],"tags":[],"class_list":["post-2331","post","type-post","status-publish","format-standard","has-post-thumbnail","hentry","category-geral"],"_referencia":"","_links":{"self":[{"href":"https:\/\/diariodocomercio.com.br\/mix\/wp-json\/wp\/v2\/posts\/2331","targetHints":{"allow":["GET"]}}],"collection":[{"href":"https:\/\/diariodocomercio.com.br\/mix\/wp-json\/wp\/v2\/posts"}],"about":[{"href":"https:\/\/diariodocomercio.com.br\/mix\/wp-json\/wp\/v2\/types\/post"}],"author":[{"embeddable":true,"href":"https:\/\/diariodocomercio.com.br\/mix\/wp-json\/wp\/v2\/users\/7"}],"replies":[{"embeddable":true,"href":"https:\/\/diariodocomercio.com.br\/mix\/wp-json\/wp\/v2\/comments?post=2331"}],"version-history":[{"count":1,"href":"https:\/\/diariodocomercio.com.br\/mix\/wp-json\/wp\/v2\/posts\/2331\/revisions"}],"predecessor-version":[{"id":2333,"href":"https:\/\/diariodocomercio.com.br\/mix\/wp-json\/wp\/v2\/posts\/2331\/revisions\/2333"}],"wp:featuredmedia":[{"embeddable":true,"href":"https:\/\/diariodocomercio.com.br\/mix\/wp-json\/wp\/v2\/media\/2332"}],"wp:attachment":[{"href":"https:\/\/diariodocomercio.com.br\/mix\/wp-json\/wp\/v2\/media?parent=2331"}],"wp:term":[{"taxonomy":"category","embeddable":true,"href":"https:\/\/diariodocomercio.com.br\/mix\/wp-json\/wp\/v2\/categories?post=2331"},{"taxonomy":"post_tag","embeddable":true,"href":"https:\/\/diariodocomercio.com.br\/mix\/wp-json\/wp\/v2\/tags?post=2331"}],"curies":[{"name":"wp","href":"https:\/\/api.w.org\/{rel}","templated":true}]}}