{"id":2334,"date":"2025-01-30T17:52:11","date_gmt":"2025-01-30T20:52:11","guid":{"rendered":"https:\/\/diariodocomercio.com.br\/mix\/?p=2334"},"modified":"2025-01-30T17:52:11","modified_gmt":"2025-01-30T20:52:11","slug":"quarta-feira-de-cinzas-e-feriado-ou-ponto-facultativo","status":"publish","type":"post","link":"https:\/\/diariodocomercio.com.br\/mix\/quarta-feira-de-cinzas-e-feriado-ou-ponto-facultativo\/","title":{"rendered":"Quarta-feira de Cinzas \u00e9 feriado ou ponto facultativo?"},"content":{"rendered":"\n<p>\u00c9 comum as pessoas ficarem confusas sobre os feriados que s\u00e3o nacionais e permitem que todos tenham direito a folgas. Como no caso da quarta-feira de cinzas, como \u00e9 conhecida popularmente, que ocorre logo ap\u00f3s os quatro dias de folia do Carnaval. Neste ano, ela cai no dia 5 de mar\u00e7o e d\u00e1 in\u00edcio a Quaresma no calend\u00e1rio crist\u00e3o. Apesar de ser emendado no dia anterior e muitas empresas permitirem que os funcion\u00e1rios trabalhem meio per\u00edodo,<strong> a quarta-feira de cinzas n\u00e3o \u00e9 feriado.\u00a0<\/strong><\/p>\n\n\n\n<p>Apesar de sua import\u00e2ncia religiosa, n\u00e3o h\u00e1 nenhuma lei que a estabele\u00e7a como feriado. Mas, algumas empresas e \u00f3rg\u00e3os p\u00fablicos adotam como ponto facultativo, especialmente at\u00e9 as 14h. Vale ressaltar que o pr\u00f3prio Carnaval n\u00e3o \u00e9 considerado um feriado, mas existe um consenso nacional sobre esse dia, diante das festas que ocorrem tradicionalmente por todo o pa\u00eds.&nbsp;<\/p>\n\n\n\n<h2 class=\"wp-block-heading\">O que \u00e9 quarta-feira de cinzas?<\/h2>\n\n\n\n<p>De acordo com o Antigo Testamento, as cinzas simbolizam o arrependimento e o luto. Por isso, muitos crist\u00e3os aproveitam a quarta-feira de cinza para refletir, sendo comum que muitos religiosos participem de uma celebra\u00e7\u00e3o em que cinzas bentas s\u00e3o colocadas sobre as cabe\u00e7as dos fi\u00e9is. Essa tradi\u00e7\u00e3o come\u00e7ou por volta do s\u00e9culo XI e as cinzas s\u00e3o feitas de ramos de palmeira aben\u00e7oados no Domingo de Ramos do ano anterior.<\/p>\n\n\n\n<p>Apesar do significado de luto, as cinzas tamb\u00e9m representam a fragilidade da vida humana, a necessidade de convers\u00e3o e o desejo de se aproximar de Deus. Ao iniciar a Quaresma na quarta-feira de cinzas, ela durar\u00e1 40 dias para que os cat\u00f3licos possam se preparar para a&nbsp; P\u00e1scoa, data em que \u00e9 celebrado a ressurrei\u00e7\u00e3o de Jesus. Nesse tempo, os fieis costumam fazer penit\u00eancias e ora\u00e7\u00f5es.<br><\/p>\n","protected":false},"excerpt":{"rendered":"<p>\u00c9 comum as pessoas ficarem confusas sobre os feriados que s\u00e3o nacionais e permitem que todos tenham direito a folgas. Como no caso da quarta-feira de cinzas, como \u00e9 conhecida popularmente, que ocorre logo ap\u00f3s os quatro dias de folia do Carnaval. Neste ano, ela cai no dia 5 de mar\u00e7o e d\u00e1 in\u00edcio a [&hellip;]<\/p>\n","protected":false},"author":7,"featured_media":2335,"comment_status":"closed","ping_status":"closed","sticky":false,"template":"","format":"standard","meta":{"jnews-multi-image_gallery":[],"jnews_single_post":{"format":"standard"},"jnews_primary_category":[],"jnews_social_meta":[],"jnews_override_counter":[],"jnews_post_split":[],"footnotes":""},"categories":[1],"tags":[],"class_list":["post-2334","post","type-post","status-publish","format-standard","has-post-thumbnail","hentry","category-geral"],"_referencia":"","_links":{"self":[{"href":"https:\/\/diariodocomercio.com.br\/mix\/wp-json\/wp\/v2\/posts\/2334","targetHints":{"allow":["GET"]}}],"collection":[{"href":"https:\/\/diariodocomercio.com.br\/mix\/wp-json\/wp\/v2\/posts"}],"about":[{"href":"https:\/\/diariodocomercio.com.br\/mix\/wp-json\/wp\/v2\/types\/post"}],"author":[{"embeddable":true,"href":"https:\/\/diariodocomercio.com.br\/mix\/wp-json\/wp\/v2\/users\/7"}],"replies":[{"embeddable":true,"href":"https:\/\/diariodocomercio.com.br\/mix\/wp-json\/wp\/v2\/comments?post=2334"}],"version-history":[{"count":1,"href":"https:\/\/diariodocomercio.com.br\/mix\/wp-json\/wp\/v2\/posts\/2334\/revisions"}],"predecessor-version":[{"id":2336,"href":"https:\/\/diariodocomercio.com.br\/mix\/wp-json\/wp\/v2\/posts\/2334\/revisions\/2336"}],"wp:featuredmedia":[{"embeddable":true,"href":"https:\/\/diariodocomercio.com.br\/mix\/wp-json\/wp\/v2\/media\/2335"}],"wp:attachment":[{"href":"https:\/\/diariodocomercio.com.br\/mix\/wp-json\/wp\/v2\/media?parent=2334"}],"wp:term":[{"taxonomy":"category","embeddable":true,"href":"https:\/\/diariodocomercio.com.br\/mix\/wp-json\/wp\/v2\/categories?post=2334"},{"taxonomy":"post_tag","embeddable":true,"href":"https:\/\/diariodocomercio.com.br\/mix\/wp-json\/wp\/v2\/tags?post=2334"}],"curies":[{"name":"wp","href":"https:\/\/api.w.org\/{rel}","templated":true}]}}