{"id":2337,"date":"2025-01-30T18:20:54","date_gmt":"2025-01-30T21:20:54","guid":{"rendered":"https:\/\/diariodocomercio.com.br\/mix\/?p=2337"},"modified":"2025-01-30T18:20:54","modified_gmt":"2025-01-30T21:20:54","slug":"coca-cola-faz-recall-e-recolhe-produtos-com-excesso-de-substancia-derivada-da-agua-sanitaria","status":"publish","type":"post","link":"https:\/\/diariodocomercio.com.br\/mix\/coca-cola-faz-recall-e-recolhe-produtos-com-excesso-de-substancia-derivada-da-agua-sanitaria\/","title":{"rendered":"Coca -Cola faz recall e recolhe produtos com excesso de subst\u00e2ncia derivada da \u00e1gua sanit\u00e1ria"},"content":{"rendered":"\n<p>Nesta semana, a empresa engarrafadora da Coca-Cola na B\u00e9lgica precisou recolher &#8220;uma quantidade consider\u00e1vel&#8221; de produtos na Europa, ap\u00f3s ter sido identificado que nos produtos, existia uma alta concentra\u00e7\u00e3o de clorato. Subst\u00e2ncia derivada da \u00e1gua sanit\u00e1ria, ou hipoclorito de s\u00f3dio \u00e9 usado para desinfec\u00e7\u00e3o da \u00e1gua. Esse m\u00e9todo \u00e9 usado pela empresa como forma de inativa\u00e7\u00e3o dos microrganismos para o l\u00edquido ser reutilizado nas ind\u00fastrias, colaborando para minimizar recursos e danos ambientais.&nbsp;<\/p>\n\n\n\n<p>Apesar de ser associado para limpeza, essa forma\u00e7\u00e3o de clorato na \u00e1gua \u00e9 comum nas ind\u00fastrias aliment\u00edcias e de bebidas, mas \u00e9 fundamental que seja usada em um n\u00edvel seguro. Essa subst\u00e2ncia em altos n\u00edveis significa que algum erro foi cometido na fabrica\u00e7\u00e3o, implicando na qualidade do produto. De acordo com o comunicado emitido pela empresa, foram retiradas latas retorn\u00e1veis e garrafas de vidro de Coca-Cola, Sprite, Fanta, Fuze Tea, Minute Maid, Nalu, Royal Bliss e Tropico, em circula\u00e7\u00e3o desde novembro.<\/p>\n\n\n\n<p><em>\u201cA maioria dos produtos afetados e n\u00e3o vendidos j\u00e1 foi retirada das lojas e continuamos tomando medidas para retirar os produtos que permanecem no mercado\u201d,<\/em> afirmou a Coca-Cola.<\/p>\n\n\n\n<h2 class=\"wp-block-heading\">Quais os riscos do clorato em humanos?<\/h2>\n\n\n\n<p>De acordo com os \u00f3rg\u00e3os oficiais, a concentra\u00e7\u00e3o permitida de clorato \u00e9 de 0,01 mg\/kg para todos os produtos aliment\u00edcios da Europa, onde aconteceu o recolhimento dos lotes da Coca-Cola. Aqui, a Anvisa (Ag\u00eancia Nacional de Vigil\u00e2ncia Sanit\u00e1ria) estabeleceu o limite de 0,7 mg\/L, em 2021. Quando em excesso no organismo, o claro pode afetar a tireoide e a hemoglobina.&nbsp;<\/p>\n\n\n\n<p>Para crian\u00e7as e beb\u00eas o risco \u00e9 ainda maior, pois \u00e9 considerado qualquer valor um n\u00edvel de alta concentra\u00e7\u00e3o, segundo os \u00f3rg\u00e3os oficiais. Vale ressaltar que o consumo a longo prazo pode gerar ac\u00famulo da composi\u00e7\u00e3o qu\u00edmica e gerar s\u00e9rios problemas de sa\u00fade.&nbsp;<\/p>\n","protected":false},"excerpt":{"rendered":"<p>Nesta semana, a empresa engarrafadora da Coca-Cola na B\u00e9lgica precisou recolher &#8220;uma quantidade consider\u00e1vel&#8221; de produtos na Europa, ap\u00f3s ter sido identificado que nos produtos, existia uma alta concentra\u00e7\u00e3o de clorato. Subst\u00e2ncia derivada da \u00e1gua sanit\u00e1ria, ou hipoclorito de s\u00f3dio \u00e9 usado para desinfec\u00e7\u00e3o da \u00e1gua. Esse m\u00e9todo \u00e9 usado pela empresa como forma de [&hellip;]<\/p>\n","protected":false},"author":7,"featured_media":2338,"comment_status":"closed","ping_status":"closed","sticky":false,"template":"","format":"standard","meta":{"jnews-multi-image_gallery":[],"jnews_single_post":{"format":"standard"},"jnews_primary_category":[],"jnews_social_meta":[],"jnews_override_counter":[],"jnews_post_split":[],"footnotes":""},"categories":[1],"tags":[],"class_list":["post-2337","post","type-post","status-publish","format-standard","has-post-thumbnail","hentry","category-geral"],"_referencia":"","_links":{"self":[{"href":"https:\/\/diariodocomercio.com.br\/mix\/wp-json\/wp\/v2\/posts\/2337","targetHints":{"allow":["GET"]}}],"collection":[{"href":"https:\/\/diariodocomercio.com.br\/mix\/wp-json\/wp\/v2\/posts"}],"about":[{"href":"https:\/\/diariodocomercio.com.br\/mix\/wp-json\/wp\/v2\/types\/post"}],"author":[{"embeddable":true,"href":"https:\/\/diariodocomercio.com.br\/mix\/wp-json\/wp\/v2\/users\/7"}],"replies":[{"embeddable":true,"href":"https:\/\/diariodocomercio.com.br\/mix\/wp-json\/wp\/v2\/comments?post=2337"}],"version-history":[{"count":1,"href":"https:\/\/diariodocomercio.com.br\/mix\/wp-json\/wp\/v2\/posts\/2337\/revisions"}],"predecessor-version":[{"id":2339,"href":"https:\/\/diariodocomercio.com.br\/mix\/wp-json\/wp\/v2\/posts\/2337\/revisions\/2339"}],"wp:featuredmedia":[{"embeddable":true,"href":"https:\/\/diariodocomercio.com.br\/mix\/wp-json\/wp\/v2\/media\/2338"}],"wp:attachment":[{"href":"https:\/\/diariodocomercio.com.br\/mix\/wp-json\/wp\/v2\/media?parent=2337"}],"wp:term":[{"taxonomy":"category","embeddable":true,"href":"https:\/\/diariodocomercio.com.br\/mix\/wp-json\/wp\/v2\/categories?post=2337"},{"taxonomy":"post_tag","embeddable":true,"href":"https:\/\/diariodocomercio.com.br\/mix\/wp-json\/wp\/v2\/tags?post=2337"}],"curies":[{"name":"wp","href":"https:\/\/api.w.org\/{rel}","templated":true}]}}