{"id":2346,"date":"2025-01-30T18:54:42","date_gmt":"2025-01-30T21:54:42","guid":{"rendered":"https:\/\/diariodocomercio.com.br\/mix\/?p=2346"},"modified":"2025-01-30T18:54:42","modified_gmt":"2025-01-30T21:54:42","slug":"pessima-noticia-para-os-motoristas-gasolina-vai-aumentar-o-preco-em-fevereiro","status":"publish","type":"post","link":"https:\/\/diariodocomercio.com.br\/mix\/pessima-noticia-para-os-motoristas-gasolina-vai-aumentar-o-preco-em-fevereiro\/","title":{"rendered":"P\u00e9ssima not\u00edcia para os motoristas: gasolina vai aumentar o pre\u00e7o em fevereiro"},"content":{"rendered":"\n<p>O motorista pode se preparar, pois o combust\u00edvel vai ser reajustado a partir do dia 1\u00b0 de fevereiro, conforme o Imposto sobre Circula\u00e7\u00e3o de Mercadorias e Servi\u00e7os (ICMS). Quem for abastecer no s\u00e1bado, notar\u00e1 a diferen\u00e7a na bomba, apesar desta alta ter sido prevista no final de 2024, quando o Conselho Nacional de Pol\u00edtica Fazend\u00e1ria (Confaz) aprovou o reajuste, junto com os secret\u00e1rios da Fazenda de todas as Unidades Federativas.<\/p>\n\n\n\n<p>De acordo com as informa\u00e7\u00f5es, a al\u00edquota cobrada sobre os combust\u00edveis ser\u00e1 elevada da gasolina e etanol sair\u00e1 de R$ 0,10 o litro, para R$ 1,47, enquanto o diesel e biodiesel ser\u00e1 de R$ 0,06, para R$ 1,12.&nbsp;<\/p>\n\n\n\n<p><em>\u201cO motivo parece ser arrecadat\u00f3rio, associado ao entendimento de que o valor atual est\u00e1 defasado, quando comparado com pre\u00e7os praticados fora do Brasil\u201d, <\/em>explicou H\u00e9lder Santos, especialista em gest\u00e3o tribut\u00e1ria da Funda\u00e7\u00e3o Instituto de Pesquisas Cont\u00e1beis, Atuariais e Financeiras (Fipecafi).&nbsp;<\/p>\n\n\n\n<h2 class=\"wp-block-heading\">Entenda melhor o motivo do reajuste nos combust\u00edveis<\/h2>\n\n\n\n<p>Esse reajuste n\u00e3o est\u00e1 ligado \u00e0 Petrobras, mas sim na mudan\u00e7a na forma de calcular o imposto estadual, o ICMS, que incide sobre os combust\u00edveis. Em vigor desde 2022, atrav\u00e9s da Lei Complementar, implantada ainda no governo Jair Bolsonaro, os reajustes do c\u00e1lculo do ICMS nos combust\u00edveis passou a ter um valor fixo por litro (a cobran\u00e7a chamada ad rem) em todos os estados.<\/p>\n\n\n\n<p>Atrav\u00e9s desta lei, cada estado teria autonomia de calcular o ICMS de forma trimestral com base no pre\u00e7o m\u00e9dio dos tr\u00eas meses anteriores. Vale ressaltar que o ICMS \u00e9 apenas uma parte do valor final do combust\u00edvel, pois \u00e9 adicionado o imposto federal, \u00e0s margens da Petrobras, nas distribuidoras e dos revendedores.<\/p>\n","protected":false},"excerpt":{"rendered":"<p>O motorista pode se preparar, pois o combust\u00edvel vai ser reajustado a partir do dia 1\u00b0 de fevereiro, conforme o Imposto sobre Circula\u00e7\u00e3o de Mercadorias e Servi\u00e7os (ICMS). Quem for abastecer no s\u00e1bado, notar\u00e1 a diferen\u00e7a na bomba, apesar desta alta ter sido prevista no final de 2024, quando o Conselho Nacional de Pol\u00edtica Fazend\u00e1ria [&hellip;]<\/p>\n","protected":false},"author":7,"featured_media":2347,"comment_status":"closed","ping_status":"closed","sticky":false,"template":"","format":"standard","meta":{"jnews-multi-image_gallery":[],"jnews_single_post":{"format":"standard"},"jnews_primary_category":[],"jnews_social_meta":[],"jnews_override_counter":[],"jnews_post_split":[],"footnotes":""},"categories":[1],"tags":[],"class_list":["post-2346","post","type-post","status-publish","format-standard","has-post-thumbnail","hentry","category-geral"],"_referencia":"","_links":{"self":[{"href":"https:\/\/diariodocomercio.com.br\/mix\/wp-json\/wp\/v2\/posts\/2346","targetHints":{"allow":["GET"]}}],"collection":[{"href":"https:\/\/diariodocomercio.com.br\/mix\/wp-json\/wp\/v2\/posts"}],"about":[{"href":"https:\/\/diariodocomercio.com.br\/mix\/wp-json\/wp\/v2\/types\/post"}],"author":[{"embeddable":true,"href":"https:\/\/diariodocomercio.com.br\/mix\/wp-json\/wp\/v2\/users\/7"}],"replies":[{"embeddable":true,"href":"https:\/\/diariodocomercio.com.br\/mix\/wp-json\/wp\/v2\/comments?post=2346"}],"version-history":[{"count":1,"href":"https:\/\/diariodocomercio.com.br\/mix\/wp-json\/wp\/v2\/posts\/2346\/revisions"}],"predecessor-version":[{"id":2348,"href":"https:\/\/diariodocomercio.com.br\/mix\/wp-json\/wp\/v2\/posts\/2346\/revisions\/2348"}],"wp:featuredmedia":[{"embeddable":true,"href":"https:\/\/diariodocomercio.com.br\/mix\/wp-json\/wp\/v2\/media\/2347"}],"wp:attachment":[{"href":"https:\/\/diariodocomercio.com.br\/mix\/wp-json\/wp\/v2\/media?parent=2346"}],"wp:term":[{"taxonomy":"category","embeddable":true,"href":"https:\/\/diariodocomercio.com.br\/mix\/wp-json\/wp\/v2\/categories?post=2346"},{"taxonomy":"post_tag","embeddable":true,"href":"https:\/\/diariodocomercio.com.br\/mix\/wp-json\/wp\/v2\/tags?post=2346"}],"curies":[{"name":"wp","href":"https:\/\/api.w.org\/{rel}","templated":true}]}}