{"id":23556,"date":"2025-10-27T11:33:17","date_gmt":"2025-10-27T14:33:17","guid":{"rendered":"https:\/\/diariodocomercio.com.br\/mix\/?p=23556"},"modified":"2025-10-27T13:13:05","modified_gmt":"2025-10-27T16:13:05","slug":"reviravolta-acontece-e-outro-presidente-e-eleito-na-argentina-milei-foi-pego-de-surpresa","status":"publish","type":"post","link":"https:\/\/diariodocomercio.com.br\/mix\/reviravolta-acontece-e-outro-presidente-e-eleito-na-argentina-milei-foi-pego-de-surpresa\/","title":{"rendered":"Reviravolta acontece e outro presidente \u00e9 eleito na Argentina \u2014 Milei foi pego de surpresa"},"content":{"rendered":"\n<p>O cen\u00e1rio pol\u00edtico argentino foi sacudido neste ano por uma reviravolta eleitoral. Javier Milei, que chegou \u00e0 presid\u00eancia em 2023 e enfrentava cr\u00edticas e turbul\u00eancias econ\u00f4micas, conseguiu uma vit\u00f3ria contundente nas elei\u00e7\u00f5es legislativas de meio de mandato, conquistando mais de 40% dos votos em todo o pa\u00eds. O resultado surpreendeu at\u00e9 mesmo aliados do governo e pegou de surpresa o ent\u00e3o favorito das pesquisas, Leandro Santoro, candidato peronista e aliado da ex-presidente Cristina Fern\u00e1ndez de Kirchner.<\/p>\n\n\n\n<p>Com o triunfo, La Libertad Avanza ampliar\u00e1 significativamente sua presen\u00e7a no Congresso, passando de 37 para 101 deputados e de 6 para 20 senadores. O desempenho foi suficiente para consolidar a for\u00e7a do governo e conter eventuais tentativas de bloqueio legislativo. \u201cHoje come\u00e7a a constru\u00e7\u00e3o da Argentina grande\u201d, declarou Milei, em clima de euforia, no Hotel Libertador, em Buenos Aires.<\/p>\n\n\n\n<p>A vit\u00f3ria de Milei teve um sabor especial na prov\u00edncia de Buenos Aires \u2014 reduto hist\u00f3rico do peronismo. Em setembro, seu partido havia sido derrotado por 14 pontos nos com\u00edcios locais. Dois meses depois, conseguiu reverter o resultado, superando a coliga\u00e7\u00e3o peronista Fuerza Patria por 41,5% a 40,8%.<\/p>\n\n\n\n<p>Leandro Santoro, que aparecia como favorito em grande parte das pesquisas e chegou a liderar a campanha com discurso centrado na defesa da educa\u00e7\u00e3o p\u00fablica e na cr\u00edtica ao \u201cmodelo de ajuste e crueldade\u201d de Milei, terminou em segundo lugar. O rev\u00e9s exp\u00f4s a perda de f\u00f4lego do peronismo, fragmentado e enfraquecido pela aus\u00eancia de Cristina Kirchner, em pris\u00e3o domiciliar por corrup\u00e7\u00e3o.<\/p>\n\n\n\n<p>Em terceiro lugar ficou Silvia Lospennato, do partido PRO, antiga aliada de Milei, que buscava recuperar espa\u00e7o no campo de centro-direita. A fragmenta\u00e7\u00e3o desse setor, no entanto, contribuiu para o avan\u00e7o do governo libert\u00e1rio.<\/p>\n\n\n<style>@media (min-width: 992px) {\n    .recomendadorV2Area1 {\n        width: 280px;\n    }\n    .recomendadorV2Area2 {\n        padding: 0px 20px;\n        width: calc(100% - 280px);\n    }\n}\n\n@media (max-width: 992px) {\n    .recomendadorV2Button {\n        margin: 0 auto;\n    }\n    .recomendadorV2Area {\n        flex-direction: column;\n        text-align: center;\n    }\n    .recomendadorV2Area2 {\n        padding: 0px 20px;\n    }\n}\n\n.recomendadorV2Area {\n    background: #eeeeee3d;\n    border-radius: 10px;\n    padding: 15px;\n    display: flex;\n    margin: 15px auto;\n    border: 1px solid #00000014;\n    max-width: 800px;\n}\n\n.recomendadorV2Area1 img {\n    width: 280px;\n    height: auto;\n    border-radius: 8px;\n}\n\n.linkrecomendadorv2 {\n    text-decoration: none !important;\n}\n\n.recomendadorV2Area2 .recomendadorV2Type {\n    text-transform: uppercase;\n    font-weight: 500;\n    font-size: 11px;\n    letter-spacing: 2px;\n    color: #666;\n    margin: 12px 0;\n    display: block;\n}\n\n.recomendadorV2Title h2 {\n    padding-top: 0px !important;\n    margin: 0px !important;\n    border-left: none !important;\n    padding-left: 0px !important;\n    line-height: 1.3;\n    color: #000 !important;\n    font-size: 24px;\n    margin-bottom: 12px !important;\n}\n\n.recomendadorV2Desc {\n    color: #333;\n    margin: 12px 0px !important;\n    font-size: 15px;\n    line-height: 1.5;\n}\n\n.recomendadorV2Button {\n    width: auto;\n    max-width: 200px;\n    margin: 0;\n    display: inline-flex;\n    align-items: center;\n    background: #1D3557;\n    border-radius: 8px;\n    color: #fff;\n    height: 36px;\n    justify-content: center;\n    text-align: center;\n    font-size: 14px;\n    padding: 0 20px;\n    transition: background-color 0.2s ease;\n}\n\n.recomendadorV2Button:hover {\n    background: #2a4d7a;\n}\n\n.recomendadorV2Button:after {\n    margin-top: -2px;\n    content: \"\u2192\";\n    padding: 0px 0px 0px 8px;\n}\n\n.recomendadorV2Alert {\n    text-align: left;\n    font-size: 11px;\n    margin-top: 8px;\n    color: #666;\n}\n\n.recomendadorFixedArea {\n    width: 100%;\n    display: flex;\n    justify-content: center;\n    align-items: center;\n}\n\n@media (min-width: 992px) {\n    #recomendadorFixed {\n        width: 32% !important;\n        left: 5%;\n    }\n    .recomendadorCloseFixed{\n        right: inherit !important;\n        left: 378px !important;\n    }\n}\n\n#recomendadorFixed {\n    width: 90%;\n    box-shadow: 0 10px 20px 0px #00000057;\n    display: none;\n    height: 90px;\n    background: #F6F6F6;\n    position: fixed;\n    flex-direction: row;\n    bottom: 10px;\n    z-index: 9999;\n    border-radius: 16px;\n    padding: 7px 10px;\n}\n\n.recomendadorLeftArea {\n    width: 160px;\n}\n\n.recomendadorRightArea h2 {\n    padding-top: 0px;\n    margin: 2px 0px 4px 0px !important;\n    font-weight: 400;\n    text-align: center;\n    padding-left: 0px !important;\n    color: #000 !important;\n    border-left: none !important;\n    line-height: 20px;\n    font-size: 12px !important;\n}\n\n.recomendadorImgFixed {\n    overflow: hidden;\n    padding: 8px 6px;\n    height: 100%;\n}\n\n.recomendadorImgFixed img {\n    height: 100% !important;\n    border-radius: 16px;\n}\n\n.recomendadorRightArea {\n    padding-top: 6px;\n    display: flex;\n    width: calc(100% - 130px);\n    justify-content: space-between;\n    align-items: center;\n    flex-direction: column;\n}\n\n.recomendadorButtonFixed {\n    margin: 0 auto;\n    background: #1D3557;\n    width: 80%;\n    text-align: center;\n    font-size: 10px;\n    color: #FFF;\n    padding: 2px 10px;\n    border-radius: 3px;\n}\n\n.recomendadorButtonFixed:after {\n    margin-top: -3px;\n    content: \"\u2192\";\n    padding: 0px 0px 0px 10px;\n}\n\n.recomendadorAlertFixed {\n    font-weight: 400;\n    text-align: center;\n    color: #484848;\n    font-size: 8px;\n}\n\n.recomendadorCloseFixed {\n    z-index: 99999;\n    display: none;\n    right: 0px;\n    left: inherit;\n    bottom: 99px;\n    position: fixed;\n    justify-content: center;\n    background: #F6F6F6;\n    width: 25px;\n    align-items: center;\n    height: 25px;\n    font-weight: 800;\n    border-radius: 50%;\n    border: 1px solid #EBEBEB;\n}\n\n.recomendadorV2Desc{\n    color: #000000;\n    margin: 20px 0px;\n}\n\n@media (max-width: 576px) {\n    .recomendadorV2Area {\n      padding: 10px;\n      max-width: 100%;\n    }\n  \n    .recomendadorV2Area1 img {\n      width: 100%;\n      border-radius: 6px;\n    }\n  \n    .recomendadorV2Area2 .recomendadorV2Type {\n      font-size: 9px;\n      letter-spacing: 1px;\n      margin: 8px 0;\n    }\n  \n    .recomendadorV2Title h2 {\n      font-size: 18px !important;\n      margin-bottom: 8px !important;\n      line-height: 1.2;\n    }\n  \n    .recomendadorV2Desc {\n      font-size: 14px;\n      margin: 8px 0 !important;\n      line-height: 1.4;\n    }\n  \n    .recomendadorV2Button {\n      font-size: 14px;\n      height: 40px;\n      padding: 0 12px;\n      max-width: 100%;\n      width: 100%;\n    }\n  \n    .recomendadorV2Button:after {\n      padding-left: 6px;\n    }\n  }\n  <\/style>\n        <div class=\"lazyblock-recomendador-v2-2jDGz wp-block-lazyblock-recomendador-v2\">\n        <a class=\"linkrecomendadorv2\" href=\"https:\/\/diariodocomercio.com.br\/mix\/massa-de-ar-polar-vinda-da-argentina-chega-ao-brasil-e-vai-esfriar-o-pais-veja-os-estados-afetados\/?utm_source=lazy\">\n            <div class=\"recomendadorV2Area\">\n            <div class=\"recomendadorV2Area1\">\n                <div class=\"recomendadorV2Img\">\n                <img class=\"lazyloaded\" decoding=\"async\" src=\"https:\/\/diariodocomercio.com.br\/mix\/wp-content\/uploads\/2025\/10\/image-223.jpg\" data-src=\"https:\/\/diariodocomercio.com.br\/mix\/wp-content\/uploads\/2025\/10\/image-223.jpg\" alt=\"\">\n                <\/div>\n            <\/div>\n            <div class=\"recomendadorV2Area2\">\n                <div class=\"recomendadorV2Type\">\n                    <span>Alerta clima<\/span>\n                <\/div>\n                <div class=\"recomendadorV2Title\">\n                <h2><span>Massa polar da Argentina atinge o Brasil \u2744\ufe0f<\/span><\/h2>\n                <\/div>\n                <div class=\"recomendadorV2Desc\">\n                <span>Frio intenso e chuva congelada em v\u00e1rios estados<\/span>\n                <\/div>\n                <div class=\"recomendadorV2Button\">Saiba mais<\/div>\n                <div class=\"recomendadorV2Alert\"><\/div>\n            <\/div>\n            <\/div>\n        <\/a>\n        <div>\n            <div style=\"z-index:99999;\" id=\"buttonClose\" onclick=\"closeRecomendadorFixed()\">\n            <div class=\"recomendadorCloseFixed\">X<\/div>\n            <\/div>\n            <a href=\"https:\/\/diariodocomercio.com.br\/mix\/massa-de-ar-polar-vinda-da-argentina-chega-ao-brasil-e-vai-esfriar-o-pais-veja-os-estados-afetados\/?utm_source=lazy\">\n            <div class=\"recomendadorFixedArea\">\n                <div id=\"recomendadorFixed\">\n                <div class=\"recomendadorLeftArea\">\n                    <div class=\"recomendadorImgFixed\">\n                    <img class=\"lazyload\" decoding=\"async\" src=\"https:\/\/diariodocomercio.com.br\/mix\/wp-content\/uploads\/2025\/10\/image-223.jpg\" alt=\"\">\n                    <\/div>\n                <\/div>\n                <div class=\"recomendadorRightArea\">\n                    <div class=\"recomendadorTitleFixed\">\n                    <h2><span>Massa polar da Argentina atinge o Brasil \u2744\ufe0f<\/span><\/h2>\n                    <\/div>\n                    <div class=\"recomendadorButtonFixed\">Saiba mais<\/div>\n                    <div class=\"recomendadorAlertFixed\"><\/div>\n                <\/div>\n                <\/div>\n            <\/div>\n            <\/a>\n        <\/div>\n        <\/div>\n\n\n\n<h2 class=\"wp-block-heading\"><strong>Triunfo pol\u00edtico e impacto econ\u00f4mico<\/strong> <strong>de Milei<\/strong><\/h2>\n\n\n\n<p>O resultado foi celebrado pelo governo como um \u201cponto de inflex\u00e3o para as ideias de liberdade\u201d. Analistas pol\u00edticos, como Mariel Fornoni, da consultoria Management &amp; Fit, destacam que o sucesso eleitoral est\u00e1 ligado \u00e0 percep\u00e7\u00e3o de melhora econ\u00f4mica \u2014 com queda da infla\u00e7\u00e3o e o primeiro super\u00e1vit or\u00e7ament\u00e1rio em 14 anos.<\/p>\n\n\n\n<p>Os mercados reagiram positivamente na noite de domingo: a\u00e7\u00f5es de empresas argentinas subiram at\u00e9 15% no mercado de Nova York, e o d\u00f3lar cripto recuou quase 10%. O governo de Milei espera que o desempenho nas urnas ajude a estabilizar o peso e reduza a press\u00e3o sobre o sistema financeiro, em crise ap\u00f3s o resgate bilion\u00e1rio concedido pelos Estados Unidos.<\/p>\n\n\n\n<figure class=\"wp-block-embed is-type-video is-provider-youtube wp-block-embed-youtube wp-embed-aspect-16-9 wp-has-aspect-ratio\"><div class=\"wp-block-embed__wrapper\">\n<div class=\"jeg_video_container jeg_video_content\"><iframe loading=\"lazy\" title=\"Elei\u00e7\u00f5es na Argentina: Milei alcan\u00e7a vit\u00f3ria contundente nas legislativas de meio de mandato\" width=\"500\" height=\"281\" src=\"https:\/\/www.youtube.com\/embed\/7h0LPZioC4M?feature=oembed\" frameborder=\"0\" allow=\"accelerometer; autoplay; clipboard-write; encrypted-media; gyroscope; picture-in-picture; web-share\" referrerpolicy=\"strict-origin-when-cross-origin\" allowfullscreen><\/iframe><\/div>\n<\/div><\/figure>\n","protected":false},"excerpt":{"rendered":"<p>O cen\u00e1rio pol\u00edtico argentino foi sacudido neste ano por uma reviravolta eleitoral. Javier Milei, que chegou \u00e0 presid\u00eancia em 2023 e enfrentava cr\u00edticas e turbul\u00eancias econ\u00f4micas, conseguiu uma vit\u00f3ria contundente nas elei\u00e7\u00f5es legislativas de meio de mandato, conquistando mais de 40% dos votos em todo o pa\u00eds. O resultado surpreendeu at\u00e9 mesmo aliados do governo [&hellip;]<\/p>\n","protected":false},"author":9,"featured_media":20124,"comment_status":"closed","ping_status":"closed","sticky":false,"template":"","format":"standard","meta":{"jnews-multi-image_gallery":[],"jnews_single_post":{"format":"standard"},"jnews_primary_category":[],"jnews_social_meta":[],"jnews_override_counter":[],"jnews_post_split":[],"footnotes":""},"categories":[1],"tags":[],"class_list":["post-23556","post","type-post","status-publish","format-standard","has-post-thumbnail","hentry","category-geral"],"_referencia":"","_links":{"self":[{"href":"https:\/\/diariodocomercio.com.br\/mix\/wp-json\/wp\/v2\/posts\/23556","targetHints":{"allow":["GET"]}}],"collection":[{"href":"https:\/\/diariodocomercio.com.br\/mix\/wp-json\/wp\/v2\/posts"}],"about":[{"href":"https:\/\/diariodocomercio.com.br\/mix\/wp-json\/wp\/v2\/types\/post"}],"author":[{"embeddable":true,"href":"https:\/\/diariodocomercio.com.br\/mix\/wp-json\/wp\/v2\/users\/9"}],"replies":[{"embeddable":true,"href":"https:\/\/diariodocomercio.com.br\/mix\/wp-json\/wp\/v2\/comments?post=23556"}],"version-history":[{"count":4,"href":"https:\/\/diariodocomercio.com.br\/mix\/wp-json\/wp\/v2\/posts\/23556\/revisions"}],"predecessor-version":[{"id":23579,"href":"https:\/\/diariodocomercio.com.br\/mix\/wp-json\/wp\/v2\/posts\/23556\/revisions\/23579"}],"wp:featuredmedia":[{"embeddable":true,"href":"https:\/\/diariodocomercio.com.br\/mix\/wp-json\/wp\/v2\/media\/20124"}],"wp:attachment":[{"href":"https:\/\/diariodocomercio.com.br\/mix\/wp-json\/wp\/v2\/media?parent=23556"}],"wp:term":[{"taxonomy":"category","embeddable":true,"href":"https:\/\/diariodocomercio.com.br\/mix\/wp-json\/wp\/v2\/categories?post=23556"},{"taxonomy":"post_tag","embeddable":true,"href":"https:\/\/diariodocomercio.com.br\/mix\/wp-json\/wp\/v2\/tags?post=23556"}],"curies":[{"name":"wp","href":"https:\/\/api.w.org\/{rel}","templated":true}]}}