{"id":2360,"date":"2025-01-31T16:48:35","date_gmt":"2025-01-31T19:48:35","guid":{"rendered":"https:\/\/diariodocomercio.com.br\/mix\/?p=2360"},"modified":"2025-01-31T16:48:36","modified_gmt":"2025-01-31T19:48:36","slug":"3-estados-brasileiros-estao-em-alerta-de-chuva-para-fevereiro","status":"publish","type":"post","link":"https:\/\/diariodocomercio.com.br\/mix\/3-estados-brasileiros-estao-em-alerta-de-chuva-para-fevereiro\/","title":{"rendered":"3 estados brasileiros est\u00e3o em alerta de chuva para fevereiro"},"content":{"rendered":"\n<p>Nos \u00faltimos dias de janeiro, diversas regi\u00f5es do Brasil foram atingidas por fortes chuvas, que causaram alguns estragos e at\u00e9 mortes por causa do excesso de \u00e1gua nas cidades. De acordo com as previs\u00f5es, um novo evento da Zona de Converg\u00eancia do Atl\u00e2ntico Sul (ZCAS) deve ocorrer entre os primeiros dias de fevereiro, acendendo um sinal de alerta nas regi\u00f5es sudestes, devido ao volume de precipita\u00e7\u00e3o em \u00e1reas de S\u00e3o Paulo, Minas Gerais e Rio de Janeiro.<\/p>\n\n\n\n<p>De acordo com informa\u00e7\u00f5es da Climatempo, a Regi\u00e3o Sudeste poder\u00e1 registrar entre 30 de janeiro e 2 de fevereiro entre 200 e 300 mil\u00edmetros de chuva \u2014 valor que era esperado para todo o m\u00eas de fevereiro. Segundo o portal meteorol\u00f3gico, a aten\u00e7\u00e3o \u00e9 para \u00e1reas do Tri\u00e2ngulo Mineiro e a regi\u00e3o de Ribeir\u00e3o Preto (SP) e de S\u00e3o Carlos (SP), que poder\u00e3o ser as mais afetadas. Outras \u00e1reas de S\u00e3o Paulo e Minas Gerais devem registrar de 100 a 200 mil\u00edmetros de \u00e1gua.<\/p>\n\n\n\n<h2 class=\"wp-block-heading\">O que \u00e9 Zona de Converg\u00eancia do Atl\u00e2ntico Sul (ZCAS)?<\/h2>\n\n\n\n<p>Esse fen\u00f4meno meteorol\u00f3gico intensifica o \u00edndice pluviom\u00e9trico em partes das regi\u00f5es Norte, Centro-Oeste e Sudeste do territ\u00f3rio nacional. Ele \u00e9 caracterizado por uma faixa de nebulosidade que se estende desde o sul da Amaz\u00f4nia at\u00e9 a regi\u00e3o central do Atl\u00e2ntico Sul. Os meteorologistas conseguem prever sua forma\u00e7\u00e3o atrav\u00e9s de imagens de sat\u00e9lite.&nbsp;<\/p>\n\n\n\n<p>As causas para ocorrer a ZCAS \u00e9 devido a presen\u00e7a de uma frente fria semi-estacion\u00e1ria na costa do Sudeste, que pode se encontrar com outros sistemas atmosf\u00e9ricos, causando uma organiza\u00e7\u00e3o das nuvens e a intensifica\u00e7\u00e3o das chuvas. Como a ZCAS fica no canal de umidade, ela concentra vapor d&#8217;\u00e1gua em uma determinada regi\u00e3o e aliada \u00e0 instabilidade atmosf\u00e9rica gerada pela intera\u00e7\u00e3o dos diversos sistemas meteorol\u00f3gicos, faz com que ocorra chuvas intensas e prolongadas.<\/p>\n","protected":false},"excerpt":{"rendered":"<p>Nos \u00faltimos dias de janeiro, diversas regi\u00f5es do Brasil foram atingidas por fortes chuvas, que causaram alguns estragos e at\u00e9 mortes por causa do excesso de \u00e1gua nas cidades. De acordo com as previs\u00f5es, um novo evento da Zona de Converg\u00eancia do Atl\u00e2ntico Sul (ZCAS) deve ocorrer entre os primeiros dias de fevereiro, acendendo um [&hellip;]<\/p>\n","protected":false},"author":7,"featured_media":2361,"comment_status":"closed","ping_status":"closed","sticky":false,"template":"","format":"standard","meta":{"jnews-multi-image_gallery":[],"jnews_single_post":{"format":"standard"},"jnews_primary_category":[],"jnews_social_meta":[],"jnews_override_counter":[],"jnews_post_split":[],"footnotes":""},"categories":[1],"tags":[],"class_list":["post-2360","post","type-post","status-publish","format-standard","has-post-thumbnail","hentry","category-geral"],"_referencia":"","_links":{"self":[{"href":"https:\/\/diariodocomercio.com.br\/mix\/wp-json\/wp\/v2\/posts\/2360","targetHints":{"allow":["GET"]}}],"collection":[{"href":"https:\/\/diariodocomercio.com.br\/mix\/wp-json\/wp\/v2\/posts"}],"about":[{"href":"https:\/\/diariodocomercio.com.br\/mix\/wp-json\/wp\/v2\/types\/post"}],"author":[{"embeddable":true,"href":"https:\/\/diariodocomercio.com.br\/mix\/wp-json\/wp\/v2\/users\/7"}],"replies":[{"embeddable":true,"href":"https:\/\/diariodocomercio.com.br\/mix\/wp-json\/wp\/v2\/comments?post=2360"}],"version-history":[{"count":1,"href":"https:\/\/diariodocomercio.com.br\/mix\/wp-json\/wp\/v2\/posts\/2360\/revisions"}],"predecessor-version":[{"id":2362,"href":"https:\/\/diariodocomercio.com.br\/mix\/wp-json\/wp\/v2\/posts\/2360\/revisions\/2362"}],"wp:featuredmedia":[{"embeddable":true,"href":"https:\/\/diariodocomercio.com.br\/mix\/wp-json\/wp\/v2\/media\/2361"}],"wp:attachment":[{"href":"https:\/\/diariodocomercio.com.br\/mix\/wp-json\/wp\/v2\/media?parent=2360"}],"wp:term":[{"taxonomy":"category","embeddable":true,"href":"https:\/\/diariodocomercio.com.br\/mix\/wp-json\/wp\/v2\/categories?post=2360"},{"taxonomy":"post_tag","embeddable":true,"href":"https:\/\/diariodocomercio.com.br\/mix\/wp-json\/wp\/v2\/tags?post=2360"}],"curies":[{"name":"wp","href":"https:\/\/api.w.org\/{rel}","templated":true}]}}