{"id":2369,"date":"2025-01-31T17:30:51","date_gmt":"2025-01-31T20:30:51","guid":{"rendered":"https:\/\/diariodocomercio.com.br\/mix\/?p=2369"},"modified":"2025-01-31T17:30:52","modified_gmt":"2025-01-31T20:30:52","slug":"nubank-vai-fechar-em-2025-banco-se-manifesta","status":"publish","type":"post","link":"https:\/\/diariodocomercio.com.br\/mix\/nubank-vai-fechar-em-2025-banco-se-manifesta\/","title":{"rendered":"Nubank vai fechar em 2025? Banco se manifesta"},"content":{"rendered":"\n<p>Diante de algumas mudan\u00e7as feitas pelo Nubank, surgiram rumores sobre o banco digital deixar de operar no Brasil. Para deixar os clientes cientes do que realmente estava acontecendo, a institui\u00e7\u00e3o financeira emitiu um comunicado explicando que vai continuar funcionando normalmente no pa\u00eds: <em>\u201cO Nubank segue operando no Brasil como sempre, atendendo mais de 95 milh\u00f5es de clientes que temos por aqui.\u201d<\/em><\/p>\n\n\n\n<p>Em nota, o Nubank explicou que desde setembro de 2022, vem fazendo mudan\u00e7as nos seus sistemas, principalmente no programa de BDRs no Brasil. Em abril de 2023, foi atualizado o plano e, em junho do mesmo ano, foi aprovado pela CVM, \u00f3rg\u00e3o regulador do mercado. Para explicar melhor essas altera\u00e7\u00f5es, o banco compartilhou um v\u00eddeo nas redes sociais, dizendo:&nbsp;<\/p>\n\n\n\n<p><em>&#8220;Bom, vamos explicar isso melhor. Primeiro, o Nubank \u00e9 um banco que n\u00e3o deve quebrar n\u00e3o. Tem mais de 100 milh\u00f5es de clientes e \u00e9 bastante saud\u00e1vel. O que o Nubank est\u00e1 fazendo \u00e9 fugindo do desgoverno, ponto. Existe a\u00e7\u00f5es do Nubank que s\u00e3o BDRs, voc\u00ea aplica aqui no Brasil para se associar a ele l\u00e1 em Nova York. Por\u00e9m, existe BDR 3 que \u00e9 onde o banco tem que representante legal no Brasil. E elas est\u00e3o sendo substitu\u00eddas por BDR 1 onde n\u00e3o \u00e9 necess\u00e1rio que esteja aberto uma empresa aqui no Brasil. Por esse motivo, o Nubank est\u00e1 fazendo o certo. Fugindo de um governo corrupto e ladr\u00e3o. Eu faria o mesmo se eu fosse voc\u00ea.&#8221;<\/em><\/p>\n\n\n\n<h2 class=\"wp-block-heading\">Mais informa\u00e7\u00f5es do Nubank<\/h2>\n\n\n\n<p>Quando o Nubank chegou ao Brasil, revolucionou a forma como os brasileiros tinham acesso \u00e0s suas finan\u00e7as, facilitando principalmente a aprova\u00e7\u00e3o de cr\u00e9dito. Surgindo como uma alternativa aos bancos tradicionais, o Nubank rapidamente se tornou a maior fintech da Am\u00e9rica Latina.&nbsp;<\/p>\n\n\n\n<p>Desde que o banco se popularizou no pa\u00eds, a institui\u00e7\u00e3o financeira precisou combater diversas fake news. Por isso, ao ver alguma informa\u00e7\u00e3o suspeita, consulte os portais oficiais do banco para saber se \u00e9 verdade.&nbsp;<\/p>\n","protected":false},"excerpt":{"rendered":"<p>Diante de algumas mudan\u00e7as feitas pelo Nubank, surgiram rumores sobre o banco digital deixar de operar no Brasil. Para deixar os clientes cientes do que realmente estava acontecendo, a institui\u00e7\u00e3o financeira emitiu um comunicado explicando que vai continuar funcionando normalmente no pa\u00eds: \u201cO Nubank segue operando no Brasil como sempre, atendendo mais de 95 milh\u00f5es [&hellip;]<\/p>\n","protected":false},"author":7,"featured_media":2370,"comment_status":"closed","ping_status":"closed","sticky":false,"template":"","format":"standard","meta":{"jnews-multi-image_gallery":[],"jnews_single_post":{"format":"standard"},"jnews_primary_category":[],"jnews_social_meta":[],"jnews_override_counter":[],"jnews_post_split":[],"footnotes":""},"categories":[1],"tags":[],"class_list":["post-2369","post","type-post","status-publish","format-standard","has-post-thumbnail","hentry","category-geral"],"_referencia":"","_links":{"self":[{"href":"https:\/\/diariodocomercio.com.br\/mix\/wp-json\/wp\/v2\/posts\/2369","targetHints":{"allow":["GET"]}}],"collection":[{"href":"https:\/\/diariodocomercio.com.br\/mix\/wp-json\/wp\/v2\/posts"}],"about":[{"href":"https:\/\/diariodocomercio.com.br\/mix\/wp-json\/wp\/v2\/types\/post"}],"author":[{"embeddable":true,"href":"https:\/\/diariodocomercio.com.br\/mix\/wp-json\/wp\/v2\/users\/7"}],"replies":[{"embeddable":true,"href":"https:\/\/diariodocomercio.com.br\/mix\/wp-json\/wp\/v2\/comments?post=2369"}],"version-history":[{"count":1,"href":"https:\/\/diariodocomercio.com.br\/mix\/wp-json\/wp\/v2\/posts\/2369\/revisions"}],"predecessor-version":[{"id":2371,"href":"https:\/\/diariodocomercio.com.br\/mix\/wp-json\/wp\/v2\/posts\/2369\/revisions\/2371"}],"wp:featuredmedia":[{"embeddable":true,"href":"https:\/\/diariodocomercio.com.br\/mix\/wp-json\/wp\/v2\/media\/2370"}],"wp:attachment":[{"href":"https:\/\/diariodocomercio.com.br\/mix\/wp-json\/wp\/v2\/media?parent=2369"}],"wp:term":[{"taxonomy":"category","embeddable":true,"href":"https:\/\/diariodocomercio.com.br\/mix\/wp-json\/wp\/v2\/categories?post=2369"},{"taxonomy":"post_tag","embeddable":true,"href":"https:\/\/diariodocomercio.com.br\/mix\/wp-json\/wp\/v2\/tags?post=2369"}],"curies":[{"name":"wp","href":"https:\/\/api.w.org\/{rel}","templated":true}]}}