{"id":2372,"date":"2025-01-31T18:03:42","date_gmt":"2025-01-31T21:03:42","guid":{"rendered":"https:\/\/diariodocomercio.com.br\/mix\/?p=2372"},"modified":"2025-01-31T18:03:43","modified_gmt":"2025-01-31T21:03:43","slug":"feriado-no-dia-2-de-fevereiro-saiba-quais-cidades-comemoram-a-data","status":"publish","type":"post","link":"https:\/\/diariodocomercio.com.br\/mix\/feriado-no-dia-2-de-fevereiro-saiba-quais-cidades-comemoram-a-data\/","title":{"rendered":"Feriado no dia 2 de fevereiro: saiba quais cidades comemoram a data"},"content":{"rendered":"\n<p>Para a maior parte do Brasil, <a href=\"https:\/\/diariodocomercio.com.br\/mix\/o-que-se-comemora-no-dia-2-de-fevereiro-saiba-o-que-significa-o-feriado\/\" data-type=\"post\" data-id=\"2299\" target=\"_blank\" rel=\"noreferrer noopener\">2 de fevereiro<\/a> n\u00e3o \u00e9 um <a href=\"https:\/\/diariodocomercio.com.br\/mix\/tags\/feriado\/\" data-type=\"post_tag\" data-id=\"121\" target=\"_blank\" rel=\"noreferrer noopener\">feriado<\/a>, mas, em <strong>Porto Alegre (RS)<\/strong>, a data \u00e9 um feriado municipal, celebrando o dia de Iemanj\u00e1 e de Nossa Senhora dos Navegantes, a padroeira do munic\u00edpio. A capital da Bahia, Salvador, tamb\u00e9m celebra a data, mas como apenas como um dia em honra \u00e0 Iemanj\u00e1, orix\u00e1 cultuado em v\u00e1rias religi\u00f5es de matriz africana. <\/p>\n\n\n\n<p>Apesar de n\u00e3o serem a mesma divindade, Nossa Senhora dos Navegantes e Iemanj\u00e1 se aproximaram no imagin\u00e1rio popular por causa do sincretismo religi\u00e3o. Na \u00e9poca da escravid\u00e3o, os escravizados eram proibidos de cultuar suas divindades e passaram a usar os santos cat\u00f3licos no lugar como uma forma de disfar\u00e7ar.<\/p>\n\n\n\n<h2 class=\"wp-block-heading\">Confira outras cidades pelo Brasil que t\u00eam feriado no dia 2 de fevereiro:<\/h2>\n\n\n\n<p><strong>Rio Grande do Sul<\/strong><\/p>\n\n\n\n<ul class=\"wp-block-list\">\n<li>Amaral Ferrador;<\/li>\n\n\n\n<li>Barra do Ribeiro;<\/li>\n\n\n\n<li>Barra Funda;<\/li>\n\n\n\n<li>Cachoeirinha;<\/li>\n\n\n\n<li>Camaqu\u00e3;<\/li>\n\n\n\n<li>Campinas do Sul;<\/li>\n\n\n\n<li>Canoas;<\/li>\n\n\n\n<li>Capivari do Sul;<\/li>\n\n\n\n<li>Charqueadas;<\/li>\n\n\n\n<li>Dona Francisca;<\/li>\n\n\n\n<li>Eldorado do Sul;<\/li>\n\n\n\n<li>Gua\u00edba;<\/li>\n\n\n\n<li>Jaguar\u00e3o;<\/li>\n\n\n\n<li>Manoel Viana;<\/li>\n\n\n\n<li>Mu\u00e7um;<\/li>\n\n\n\n<li>Nova Santa Rita;<\/li>\n\n\n\n<li>Palmares do Sul;<\/li>\n\n\n\n<li>Pelotas;<\/li>\n\n\n\n<li>Pinheiro Machado;<\/li>\n\n\n\n<li>Piratini;<\/li>\n\n\n\n<li>Porto Lucena;<\/li>\n\n\n\n<li>Porto Xavier;<\/li>\n\n\n\n<li>Rio Grande;<\/li>\n\n\n\n<li>Rio Pardo;<\/li>\n\n\n\n<li>Rodeio Bonito;<\/li>\n\n\n\n<li>Ronda Alta;<\/li>\n\n\n\n<li>Salto do Jacu\u00ed;<\/li>\n\n\n\n<li>Santa Vit\u00f3ria do Palmar;<\/li>\n\n\n\n<li>S\u00e3o Jos\u00e9 do Norte;<\/li>\n\n\n\n<li>S\u00e3o Louren\u00e7o do Sul;<\/li>\n\n\n\n<li>Sobradinho;<\/li>\n\n\n\n<li>Tapes;<\/li>\n\n\n\n<li>Torres;<\/li>\n\n\n\n<li>Tramanda\u00ed;<\/li>\n\n\n\n<li>Triunfo;<\/li>\n\n\n\n<li>Vicente Dutra.<\/li>\n<\/ul>\n\n\n\n<p><strong>Santa Catarina<\/strong><\/p>\n\n\n\n<ul class=\"wp-block-list\">\n<li>Bombinhas;<\/li>\n\n\n\n<li>Itapema;<\/li>\n\n\n\n<li>Navegantes;<\/li>\n\n\n\n<li>Porto Belo;<\/li>\n\n\n\n<li>Tijucas.<\/li>\n<\/ul>\n\n\n\n<p><strong>Paran\u00e1 <\/strong><\/p>\n\n\n\n<ul class=\"wp-block-list\">\n<li>Guarapuava;<\/li>\n\n\n\n<li>Gua\u00edra;<\/li>\n\n\n\n<li>Campo Largo.<\/li>\n<\/ul>\n\n\n\n<p>Ps: outra cidade do Paran\u00e1 que tem feriado no dia 2 de fevereiro \u00e9 Goior\u00ea, em homenagem \u00e0 padroeira do munic\u00edpio, Nossa Senhora das Candeias.<\/p>\n\n\n\n<h2 class=\"wp-block-heading\">Confira todos os feriados NACIONAIS de 2025:<\/h2>\n\n\n\n<ul class=\"wp-block-list\">\n<li>1\u00ba de janeiro (quarta-feira) \u2013 Confraterniza\u00e7\u00e3o Universal;<\/li>\n\n\n\n<li>4 de mar\u00e7o (ter\u00e7a-feira) \u2013 Carnaval (ponto facultativo na maior parte do Brasil);<\/li>\n\n\n\n<li>18 de abril (sexta-feira) \u2013 Sexta-feira Santa;<\/li>\n\n\n\n<li>21 de abril (segunda-feira) \u2013 Tiradentes;<\/li>\n\n\n\n<li>1\u00ba de maio (quinta-feira) \u2013 Dia do Trabalho;<\/li>\n\n\n\n<li>19 de junho (quinta-feira) \u2013 Corpus Christi;<\/li>\n\n\n\n<li>7 de setembro (domingo) \u2013 Independ\u00eancia do Brasil;<\/li>\n\n\n\n<li>12 de outubro (domingo) \u2013 Nossa Senhora Aparecida;<\/li>\n\n\n\n<li>2 de novembro (domingo) \u2013 Finados;<\/li>\n\n\n\n<li>15 de novembro (s\u00e1bado) \u2013 Proclama\u00e7\u00e3o da Rep\u00fablica;<\/li>\n\n\n\n<li>20 de novembro (quinta-feira) \u2013 Dia da Consci\u00eancia Negra;<\/li>\n\n\n\n<li>25 de dezembro (quinta-feira) \u2013 Natal.<\/li>\n<\/ul>\n","protected":false},"excerpt":{"rendered":"<p>Neste domingo, dia 2 de fevereiro, Porto Alegre celebra o dia Iemanj\u00e1 e de Nossa Senhora dos Navegantes, padroeira do munic\u00edpio.<\/p>\n","protected":false},"author":6,"featured_media":2311,"comment_status":"closed","ping_status":"closed","sticky":false,"template":"","format":"standard","meta":{"jnews-multi-image_gallery":[],"jnews_single_post":{"format":"standard"},"jnews_primary_category":[],"jnews_social_meta":[],"jnews_override_counter":[],"jnews_post_split":[],"footnotes":""},"categories":[1],"tags":[],"class_list":["post-2372","post","type-post","status-publish","format-standard","has-post-thumbnail","hentry","category-geral"],"_referencia":"","_links":{"self":[{"href":"https:\/\/diariodocomercio.com.br\/mix\/wp-json\/wp\/v2\/posts\/2372","targetHints":{"allow":["GET"]}}],"collection":[{"href":"https:\/\/diariodocomercio.com.br\/mix\/wp-json\/wp\/v2\/posts"}],"about":[{"href":"https:\/\/diariodocomercio.com.br\/mix\/wp-json\/wp\/v2\/types\/post"}],"author":[{"embeddable":true,"href":"https:\/\/diariodocomercio.com.br\/mix\/wp-json\/wp\/v2\/users\/6"}],"replies":[{"embeddable":true,"href":"https:\/\/diariodocomercio.com.br\/mix\/wp-json\/wp\/v2\/comments?post=2372"}],"version-history":[{"count":2,"href":"https:\/\/diariodocomercio.com.br\/mix\/wp-json\/wp\/v2\/posts\/2372\/revisions"}],"predecessor-version":[{"id":2379,"href":"https:\/\/diariodocomercio.com.br\/mix\/wp-json\/wp\/v2\/posts\/2372\/revisions\/2379"}],"wp:featuredmedia":[{"embeddable":true,"href":"https:\/\/diariodocomercio.com.br\/mix\/wp-json\/wp\/v2\/media\/2311"}],"wp:attachment":[{"href":"https:\/\/diariodocomercio.com.br\/mix\/wp-json\/wp\/v2\/media?parent=2372"}],"wp:term":[{"taxonomy":"category","embeddable":true,"href":"https:\/\/diariodocomercio.com.br\/mix\/wp-json\/wp\/v2\/categories?post=2372"},{"taxonomy":"post_tag","embeddable":true,"href":"https:\/\/diariodocomercio.com.br\/mix\/wp-json\/wp\/v2\/tags?post=2372"}],"curies":[{"name":"wp","href":"https:\/\/api.w.org\/{rel}","templated":true}]}}