{"id":2377,"date":"2025-01-31T18:09:37","date_gmt":"2025-01-31T21:09:37","guid":{"rendered":"https:\/\/diariodocomercio.com.br\/mix\/?p=2377"},"modified":"2025-01-31T18:09:38","modified_gmt":"2025-01-31T21:09:38","slug":"voce-vai-ficar-em-choque-com-o-salario-do-ceo-da-apple","status":"publish","type":"post","link":"https:\/\/diariodocomercio.com.br\/mix\/voce-vai-ficar-em-choque-com-o-salario-do-ceo-da-apple\/","title":{"rendered":"Voc\u00ea vai ficar em choque com o sal\u00e1rio do CEO da Apple"},"content":{"rendered":"\n<p>Um relat\u00f3rio divulgado pela imprensa internacional, revelou quais s\u00e3o os sal\u00e1rios mais altos dos executivos da Apple. Segundo o documento protocolado na Securities and Exchange Commission (SEC), um sal\u00e1rio chamou a aten\u00e7\u00e3o, tornando-se um assunto delicado entre os acionistas, que \u00e9 a remunera\u00e7\u00e3o do CEO Tim Cook, levantando quest\u00f5es e debates em mais um ano.&nbsp;<\/p>\n\n\n\n<p>De acordo com o relat\u00f3rio, Cook teria recebido uma quantia modesta de US$ 74.609.802, provocando algumas rea\u00e7\u00f5es, especialmente porque, ao que tudo indica, o CEO teve um aumento, quando comparado aos valores de 2023. No relat\u00f3rio do ano passado, foi revelado que o executivo ganhou no ano cerca de US$ 63.209.845, mostrando que teve um aumento consider\u00e1vel.&nbsp;<\/p>\n\n\n\n<h2 class=\"wp-block-heading\">Entenda como o sal\u00e1rio do CEO da Apple chama a aten\u00e7\u00e3o<\/h2>\n\n\n\n<p>Para se ter uma no\u00e7\u00e3o, <strong>o sal\u00e1rio base de Tim Cook \u00e9 de US$ 3 milh\u00f5es<\/strong>, uma quantia confort\u00e1vel, por\u00e9m \u00e9 s\u00f3 a ponta do iceberg. O executivo tamb\u00e9m possui a\u00e7\u00f5es, nos quais recebe US$ 58 milh\u00f5es) e b\u00f4nus vinculados ao desempenho da empresa (US$ 12 milh\u00f5es). Al\u00e9m dos benef\u00edcios, como contribui\u00e7\u00f5es, seguro de vida, f\u00e9rias, taxas de seguran\u00e7a e despesas pessoais com viagens a\u00e9reas.<\/p>\n\n\n\n<p>No entanto, devido aos resultados ruins da Apple no \u00faltimo ano, houve questionamentos sobre o aumento de sal\u00e1rio do CEO, que foi justificado pela gest\u00e3o da empresa. Vale ressaltar que outros executivos tamb\u00e9m recebem valores altos, incluindo Luca Maestri (ex-CFO), Kate Adams (conselheira geral), Deirdre O&#8217;Brien (vice-presidente s\u00eanior de varejo e recursos humanos) e Jeff Williams (diretor de opera\u00e7\u00f5es).&nbsp;<\/p>\n","protected":false},"excerpt":{"rendered":"<p>Um relat\u00f3rio divulgado pela imprensa internacional, revelou quais s\u00e3o os sal\u00e1rios mais altos dos executivos da Apple. Segundo o documento protocolado na Securities and Exchange Commission (SEC), um sal\u00e1rio chamou a aten\u00e7\u00e3o, tornando-se um assunto delicado entre os acionistas, que \u00e9 a remunera\u00e7\u00e3o do CEO Tim Cook, levantando quest\u00f5es e debates em mais um ano.&nbsp; [&hellip;]<\/p>\n","protected":false},"author":7,"featured_media":2378,"comment_status":"closed","ping_status":"closed","sticky":false,"template":"","format":"standard","meta":{"jnews-multi-image_gallery":[],"jnews_single_post":{"format":"standard"},"jnews_primary_category":[],"jnews_social_meta":[],"jnews_override_counter":[],"jnews_post_split":[],"footnotes":""},"categories":[1],"tags":[],"class_list":["post-2377","post","type-post","status-publish","format-standard","has-post-thumbnail","hentry","category-geral"],"_referencia":"","_links":{"self":[{"href":"https:\/\/diariodocomercio.com.br\/mix\/wp-json\/wp\/v2\/posts\/2377","targetHints":{"allow":["GET"]}}],"collection":[{"href":"https:\/\/diariodocomercio.com.br\/mix\/wp-json\/wp\/v2\/posts"}],"about":[{"href":"https:\/\/diariodocomercio.com.br\/mix\/wp-json\/wp\/v2\/types\/post"}],"author":[{"embeddable":true,"href":"https:\/\/diariodocomercio.com.br\/mix\/wp-json\/wp\/v2\/users\/7"}],"replies":[{"embeddable":true,"href":"https:\/\/diariodocomercio.com.br\/mix\/wp-json\/wp\/v2\/comments?post=2377"}],"version-history":[{"count":1,"href":"https:\/\/diariodocomercio.com.br\/mix\/wp-json\/wp\/v2\/posts\/2377\/revisions"}],"predecessor-version":[{"id":2380,"href":"https:\/\/diariodocomercio.com.br\/mix\/wp-json\/wp\/v2\/posts\/2377\/revisions\/2380"}],"wp:featuredmedia":[{"embeddable":true,"href":"https:\/\/diariodocomercio.com.br\/mix\/wp-json\/wp\/v2\/media\/2378"}],"wp:attachment":[{"href":"https:\/\/diariodocomercio.com.br\/mix\/wp-json\/wp\/v2\/media?parent=2377"}],"wp:term":[{"taxonomy":"category","embeddable":true,"href":"https:\/\/diariodocomercio.com.br\/mix\/wp-json\/wp\/v2\/categories?post=2377"},{"taxonomy":"post_tag","embeddable":true,"href":"https:\/\/diariodocomercio.com.br\/mix\/wp-json\/wp\/v2\/tags?post=2377"}],"curies":[{"name":"wp","href":"https:\/\/api.w.org\/{rel}","templated":true}]}}