{"id":2384,"date":"2025-01-31T18:27:11","date_gmt":"2025-01-31T21:27:11","guid":{"rendered":"https:\/\/diariodocomercio.com.br\/mix\/?p=2384"},"modified":"2025-01-31T18:27:11","modified_gmt":"2025-01-31T21:27:11","slug":"bilionarios-usam-a-mesma-roupa-todos-os-dias-e-este-e-o-verdadeiro-motivo","status":"publish","type":"post","link":"https:\/\/diariodocomercio.com.br\/mix\/bilionarios-usam-a-mesma-roupa-todos-os-dias-e-este-e-o-verdadeiro-motivo\/","title":{"rendered":"Bilion\u00e1rios usam a mesma roupa todos os dias \u2014 e este \u00e9 o verdadeiro motivo"},"content":{"rendered":"\n<p>Apesar de curioso, existe uma explica\u00e7\u00e3o por parte de alguns bilion\u00e1rios por usarem as mesmas roupas, sendo uma estrat\u00e9gia para reduzir a fadiga de decis\u00e3o e otimizar a energia mental. Executivos de alto escal\u00e3o, como Jeff Bezos e Mark Zuckerberg, s\u00e3o alguns exemplos de l\u00edderes que adotaram essa pr\u00e1tica em suas rotinas, como forma de ficarem no que realmente importa. Inclusive, Steve Jobs foi um dos pioneiros que popularizaram essa ideia.<\/p>\n\n\n\n<p>Segundo esse estilo de vida, pode ajudar a mente a ficar mais livre para lidar com outros problemas mais complexos, principalmente quando \u00e9 necess\u00e1rio uma alta capacidade cognitiva. Para entender melhor esse m\u00e9todo, foram feitas pesquisas que comprovaram que, por menor que seja a decis\u00e3o que precisamos tomar, \u00e9 gasto um pouco de energia mental. Ao simplificar o vestu\u00e1rio, isso reduz a carga cognitiva e ajuda a manter o foco.<\/p>\n\n\n\n<h2 class=\"wp-block-heading\">Entenda como usar as mesmas roupas ajuda na mente<\/h2>\n\n\n\n<p>No momento em que acordamos, precisamos tomar in\u00fameras decis\u00f5es ao longo do dia e saber que roupa usar \u00e9 algo normal. Apesar de parecer trivial, essa decis\u00e3o constante consome energia mental. Ao eliminar essa escolha, voc\u00ea libera espa\u00e7o mental para se concentrar em tarefas mais importantes.<\/p>\n\n\n\n<p>Visando o meio ambiente, ter um guarda-roupa menor tamb\u00e9m significa menos consumo e menos desperd\u00edcio. Isso \u00e9 ben\u00e9fico tanto para o meio ambiente quanto para sua carteira. Mas, \u00e9 importante se sentir bem com essa pr\u00e1tica, pois ter uma autoestima tamb\u00e9m \u00e9 algo fundamental para o bem-estar da mente.&nbsp;<\/p>\n","protected":false},"excerpt":{"rendered":"<p>Apesar de curioso, existe uma explica\u00e7\u00e3o por parte de alguns bilion\u00e1rios por usarem as mesmas roupas, sendo uma estrat\u00e9gia para reduzir a fadiga de decis\u00e3o e otimizar a energia mental. Executivos de alto escal\u00e3o, como Jeff Bezos e Mark Zuckerberg, s\u00e3o alguns exemplos de l\u00edderes que adotaram essa pr\u00e1tica em suas rotinas, como forma de [&hellip;]<\/p>\n","protected":false},"author":7,"featured_media":2385,"comment_status":"closed","ping_status":"closed","sticky":false,"template":"","format":"standard","meta":{"jnews-multi-image_gallery":[],"jnews_single_post":{"format":"standard"},"jnews_primary_category":[],"jnews_social_meta":[],"jnews_override_counter":[],"jnews_post_split":[],"footnotes":""},"categories":[1],"tags":[],"class_list":["post-2384","post","type-post","status-publish","format-standard","has-post-thumbnail","hentry","category-geral"],"_referencia":"","_links":{"self":[{"href":"https:\/\/diariodocomercio.com.br\/mix\/wp-json\/wp\/v2\/posts\/2384","targetHints":{"allow":["GET"]}}],"collection":[{"href":"https:\/\/diariodocomercio.com.br\/mix\/wp-json\/wp\/v2\/posts"}],"about":[{"href":"https:\/\/diariodocomercio.com.br\/mix\/wp-json\/wp\/v2\/types\/post"}],"author":[{"embeddable":true,"href":"https:\/\/diariodocomercio.com.br\/mix\/wp-json\/wp\/v2\/users\/7"}],"replies":[{"embeddable":true,"href":"https:\/\/diariodocomercio.com.br\/mix\/wp-json\/wp\/v2\/comments?post=2384"}],"version-history":[{"count":1,"href":"https:\/\/diariodocomercio.com.br\/mix\/wp-json\/wp\/v2\/posts\/2384\/revisions"}],"predecessor-version":[{"id":2386,"href":"https:\/\/diariodocomercio.com.br\/mix\/wp-json\/wp\/v2\/posts\/2384\/revisions\/2386"}],"wp:featuredmedia":[{"embeddable":true,"href":"https:\/\/diariodocomercio.com.br\/mix\/wp-json\/wp\/v2\/media\/2385"}],"wp:attachment":[{"href":"https:\/\/diariodocomercio.com.br\/mix\/wp-json\/wp\/v2\/media?parent=2384"}],"wp:term":[{"taxonomy":"category","embeddable":true,"href":"https:\/\/diariodocomercio.com.br\/mix\/wp-json\/wp\/v2\/categories?post=2384"},{"taxonomy":"post_tag","embeddable":true,"href":"https:\/\/diariodocomercio.com.br\/mix\/wp-json\/wp\/v2\/tags?post=2384"}],"curies":[{"name":"wp","href":"https:\/\/api.w.org\/{rel}","templated":true}]}}