{"id":2407,"date":"2025-02-03T10:05:19","date_gmt":"2025-02-03T13:05:19","guid":{"rendered":"https:\/\/diariodocomercio.com.br\/mix\/?p=2407"},"modified":"2025-02-03T10:05:19","modified_gmt":"2025-02-03T13:05:19","slug":"alta-do-diesel-pode-causar-aumento-no-preco-destes-alimentos","status":"publish","type":"post","link":"https:\/\/diariodocomercio.com.br\/mix\/alta-do-diesel-pode-causar-aumento-no-preco-destes-alimentos\/","title":{"rendered":"Alta do diesel pode causar aumento no pre\u00e7o destes alimentos"},"content":{"rendered":"\n<p>A partir do dia 1\u00ba de fevereiro, o combust\u00edvel ficou mais caro para os brasileiros, por causa do reajuste do pre\u00e7o do diesel pela Petrobras e do aumento do Imposto sobre a Circula\u00e7\u00e3o de Mercadorias e Servi\u00e7os (ICMS). Mas sabia que esse aumento no pre\u00e7o do combust\u00edvel tamb\u00e9m pode encarecer alguns alimentos?<\/p>\n\n\n\n<p>Infelizmente, \u00e9 isso mesmo que voc\u00ea leu. Segundo especialistas consultados pela coluna Dinheiro &amp; Neg\u00f3cios, do Metr\u00f3poles, o diesel \u00e9 o principal combust\u00edvel de m\u00e1quinas agr\u00edcolas e as fazendas ficam, em m\u00e9dia, a 625 km dos portos de distribui\u00e7\u00e3o. Por isso, o aumento do combust\u00edvel vai impactar os pre\u00e7os de gr\u00e3os, hortifrutis e gr\u00e3os.<\/p>\n\n\n\n<p>Inclusive, o aumento vai chegar em alimentos que j\u00e1 vem preocupando o governo federal, como caf\u00e9, \u00f3leo de soja, carne e laranja. Esses itens est\u00e3o entre os alimentos que mais aumentaram de pre\u00e7o em 2024. Os principais fatores que influenciaram a infla\u00e7\u00e3o dos alimentos ao longo de 2024 foram a crise clim\u00e1tica e a alta no pre\u00e7o do d\u00f3lar. A seca e o calor &#8211; que bateu recordes no ano passado &#8211; prejudicou muito as colheitas de v\u00e1rios alimentos. No finalzinho de janeiro, o pre\u00e7o do caf\u00e9 fechou o dia negociando a US$ 3,665 por libra-peso na ICE (refer\u00eancia global para os pre\u00e7os do caf\u00e9 ar\u00e1bica), o seu<strong> maior pre\u00e7o em quase 50 anos<\/strong>.<\/p>\n\n\n\n<figure class=\"wp-block-image size-large\"><img decoding=\"async\" width=\"1200\" height=\"800\" src=\"https:\/\/mix.diariodocomercio.com.br\/wp-content\/uploads\/2025\/01\/coffee-2714970_1280-1200x800.jpg\" alt=\"caf\u00e9\" class=\"wp-image-2126\" srcset=\"https:\/\/diariodocomercio.com.br\/mix\/wp-content\/uploads\/2025\/01\/coffee-2714970_1280-1200x800.jpg 1200w, https:\/\/diariodocomercio.com.br\/mix\/wp-content\/uploads\/2025\/01\/coffee-2714970_1280-300x200.jpg 300w, https:\/\/diariodocomercio.com.br\/mix\/wp-content\/uploads\/2025\/01\/coffee-2714970_1280-768x512.jpg 768w, https:\/\/diariodocomercio.com.br\/mix\/wp-content\/uploads\/2025\/01\/coffee-2714970_1280-150x100.jpg 150w, https:\/\/diariodocomercio.com.br\/mix\/wp-content\/uploads\/2025\/01\/coffee-2714970_1280-750x500.jpg 750w, https:\/\/diariodocomercio.com.br\/mix\/wp-content\/uploads\/2025\/01\/coffee-2714970_1280-1140x760.jpg 1140w, https:\/\/diariodocomercio.com.br\/mix\/wp-content\/uploads\/2025\/01\/coffee-2714970_1280.jpg 1280w\" sizes=\"(max-width: 1200px) 100vw, 1200px\" \/><figcaption class=\"wp-element-caption\">Imagem de Anja por Pixabay<\/figcaption><\/figure>\n\n\n\n<h2 class=\"wp-block-heading\">Por que o diesel ficou mais caro?<\/h2>\n\n\n\n<p>A Petrobras fez um reajuste do pre\u00e7o do diesel e aumentou o ICMS, imposto arrecadado pelos estados sobre gasolina, etanol, diesel e biodiesel. No caso espec\u00edfico do diesel, a empresa elevou o pre\u00e7o nas refinarias em R$ 0,22 por litro (+6,2%) para reduzir uma defasagem de 17% em rela\u00e7\u00e3o a pre\u00e7os internacionais, segundo a Ag\u00eancia Brasil. No caso do ICMS, o aumento da al\u00edquota do ICMS foi de R$ 0,10 (essa al\u00edquota vai passar por ajustes anuais).<\/p>\n","protected":false},"excerpt":{"rendered":"<p>Infelizmente, \u00e9 isso mesmo que voc\u00ea leu. A Petrobr\u00e1s fez um reajuste no pre\u00e7o do diesel e isso deve impactar o pre\u00e7o de alguns alimentos.<\/p>\n","protected":false},"author":6,"featured_media":2408,"comment_status":"closed","ping_status":"closed","sticky":false,"template":"","format":"standard","meta":{"jnews-multi-image_gallery":[],"jnews_single_post":{"format":"standard"},"jnews_primary_category":[],"jnews_social_meta":[],"jnews_override_counter":[],"jnews_post_split":[],"footnotes":""},"categories":[1],"tags":[],"class_list":["post-2407","post","type-post","status-publish","format-standard","has-post-thumbnail","hentry","category-geral"],"_referencia":"","_links":{"self":[{"href":"https:\/\/diariodocomercio.com.br\/mix\/wp-json\/wp\/v2\/posts\/2407","targetHints":{"allow":["GET"]}}],"collection":[{"href":"https:\/\/diariodocomercio.com.br\/mix\/wp-json\/wp\/v2\/posts"}],"about":[{"href":"https:\/\/diariodocomercio.com.br\/mix\/wp-json\/wp\/v2\/types\/post"}],"author":[{"embeddable":true,"href":"https:\/\/diariodocomercio.com.br\/mix\/wp-json\/wp\/v2\/users\/6"}],"replies":[{"embeddable":true,"href":"https:\/\/diariodocomercio.com.br\/mix\/wp-json\/wp\/v2\/comments?post=2407"}],"version-history":[{"count":1,"href":"https:\/\/diariodocomercio.com.br\/mix\/wp-json\/wp\/v2\/posts\/2407\/revisions"}],"predecessor-version":[{"id":2409,"href":"https:\/\/diariodocomercio.com.br\/mix\/wp-json\/wp\/v2\/posts\/2407\/revisions\/2409"}],"wp:featuredmedia":[{"embeddable":true,"href":"https:\/\/diariodocomercio.com.br\/mix\/wp-json\/wp\/v2\/media\/2408"}],"wp:attachment":[{"href":"https:\/\/diariodocomercio.com.br\/mix\/wp-json\/wp\/v2\/media?parent=2407"}],"wp:term":[{"taxonomy":"category","embeddable":true,"href":"https:\/\/diariodocomercio.com.br\/mix\/wp-json\/wp\/v2\/categories?post=2407"},{"taxonomy":"post_tag","embeddable":true,"href":"https:\/\/diariodocomercio.com.br\/mix\/wp-json\/wp\/v2\/tags?post=2407"}],"curies":[{"name":"wp","href":"https:\/\/api.w.org\/{rel}","templated":true}]}}