{"id":24082,"date":"2025-11-01T07:09:00","date_gmt":"2025-11-01T10:09:00","guid":{"rendered":"https:\/\/diariodocomercio.com.br\/mix\/?p=24082"},"modified":"2025-10-29T19:44:22","modified_gmt":"2025-10-29T22:44:22","slug":"adeus-cortinas-tradicionais-essa-e-a-nova-tendencia-de-2026-para-as-janelas","status":"publish","type":"post","link":"https:\/\/diariodocomercio.com.br\/mix\/adeus-cortinas-tradicionais-essa-e-a-nova-tendencia-de-2026-para-as-janelas\/","title":{"rendered":"Adeus, cortinas tradicionais: essa \u00e9 a nova tend\u00eancia de 2026 para as janelas"},"content":{"rendered":"\n<p>A decora\u00e7\u00e3o de interiores est\u00e1 prestes a passar por uma transforma\u00e7\u00e3o significativa em 2026. Marcas renomadas est\u00e3o trazendo inova\u00e7\u00f5es no design de janelas, substituindo as cortinas tradicionais por estilos <strong>mais modernos e funcionais.<\/strong><\/p>\n\n\n\n<p>Essa mudan\u00e7a global se d\u00e1 especialmente em ambientes urbanos, onde a funcionalidade ganha destaque. A transi\u00e7\u00e3o \u00e9 impulsionada pela busca por solu\u00e7\u00f5es que aliam praticidade e estilo, refletindo um novo modo de viver.<\/p>\n\n\n\n<h2 class=\"wp-block-heading\">Alternativas inovadoras \u00e0s cortinas tradicionais<\/h2>\n\n\n\n<p>Com o avan\u00e7o das tend\u00eancias em design de interiores,<strong> stores venezianos, pain\u00e9is japoneses <\/strong>e <strong>voilagens minimalistas <\/strong>est\u00e3o se destacando como alternativas populares. Essas op\u00e7\u00f5es oferecem controle eficiente de luminosidade e trazem uma est\u00e9tica sofisticada.<\/p>\n\n\n\n<p>A tend\u00eancia sustent\u00e1vel tamb\u00e9m est\u00e1 em alta na decora\u00e7\u00e3o de 2026. Materiais naturais s\u00e3o a escolha prim\u00e1ria, refletindo uma consci\u00eancia ecol\u00f3gica crescente. Tecidos como linhos e poli\u00e9steres leves est\u00e3o sendo privilegiados, n\u00e3o apenas pela sua est\u00e9tica, mas tamb\u00e9m por seu baixo impacto ambiental.&nbsp;<\/p>\n\n\n\n<h2 class=\"wp-block-heading\">Integra\u00e7\u00e3o de tecnologia e funcionalidade no design<\/h2>\n\n\n\n<p>Uma outra inova\u00e7\u00e3o de destaque \u00e9 a incorpora\u00e7\u00e3o discreta de tecnologia nos interiores. Ilumina\u00e7\u00e3o controlada por voz e sensores inteligentes transformam os lares sem comprometer a est\u00e9tica. M\u00f3veis vers\u00e1teis, capazes de se adaptar a diversas configura\u00e7\u00f5es, s\u00e3o essenciais para otimizar espa\u00e7os reduzidos, alinhando-se \u00e0s necessidades do cotidiano moderno.<\/p>\n\n\n\n<p>Sistemas automatizados est\u00e3o promovendo conforto e efici\u00eancia energ\u00e9tica, um reflexo da crescente demanda por tecnologia nos lares.<\/p>\n","protected":false},"excerpt":{"rendered":"<p>A decora\u00e7\u00e3o de interiores est\u00e1 prestes a passar por uma transforma\u00e7\u00e3o significativa em 2026. <\/p>\n","protected":false},"author":12,"featured_media":24083,"comment_status":"closed","ping_status":"closed","sticky":false,"template":"","format":"standard","meta":{"jnews-multi-image_gallery":[],"jnews_single_post":{"format":"standard"},"jnews_primary_category":[],"jnews_social_meta":[],"jnews_override_counter":[],"jnews_post_split":[],"footnotes":""},"categories":[1],"tags":[],"class_list":["post-24082","post","type-post","status-publish","format-standard","has-post-thumbnail","hentry","category-geral"],"_referencia":"","_links":{"self":[{"href":"https:\/\/diariodocomercio.com.br\/mix\/wp-json\/wp\/v2\/posts\/24082","targetHints":{"allow":["GET"]}}],"collection":[{"href":"https:\/\/diariodocomercio.com.br\/mix\/wp-json\/wp\/v2\/posts"}],"about":[{"href":"https:\/\/diariodocomercio.com.br\/mix\/wp-json\/wp\/v2\/types\/post"}],"author":[{"embeddable":true,"href":"https:\/\/diariodocomercio.com.br\/mix\/wp-json\/wp\/v2\/users\/12"}],"replies":[{"embeddable":true,"href":"https:\/\/diariodocomercio.com.br\/mix\/wp-json\/wp\/v2\/comments?post=24082"}],"version-history":[{"count":1,"href":"https:\/\/diariodocomercio.com.br\/mix\/wp-json\/wp\/v2\/posts\/24082\/revisions"}],"predecessor-version":[{"id":24085,"href":"https:\/\/diariodocomercio.com.br\/mix\/wp-json\/wp\/v2\/posts\/24082\/revisions\/24085"}],"wp:featuredmedia":[{"embeddable":true,"href":"https:\/\/diariodocomercio.com.br\/mix\/wp-json\/wp\/v2\/media\/24083"}],"wp:attachment":[{"href":"https:\/\/diariodocomercio.com.br\/mix\/wp-json\/wp\/v2\/media?parent=24082"}],"wp:term":[{"taxonomy":"category","embeddable":true,"href":"https:\/\/diariodocomercio.com.br\/mix\/wp-json\/wp\/v2\/categories?post=24082"},{"taxonomy":"post_tag","embeddable":true,"href":"https:\/\/diariodocomercio.com.br\/mix\/wp-json\/wp\/v2\/tags?post=24082"}],"curies":[{"name":"wp","href":"https:\/\/api.w.org\/{rel}","templated":true}]}}