{"id":2423,"date":"2025-02-03T16:33:35","date_gmt":"2025-02-03T19:33:35","guid":{"rendered":"https:\/\/diariodocomercio.com.br\/mix\/?p=2423"},"modified":"2025-02-03T16:33:36","modified_gmt":"2025-02-03T19:33:36","slug":"greve-dos-caminhoneiros-em-2025-saiba-se-paralisacao-vai-acontecer","status":"publish","type":"post","link":"https:\/\/diariodocomercio.com.br\/mix\/greve-dos-caminhoneiros-em-2025-saiba-se-paralisacao-vai-acontecer\/","title":{"rendered":"Greve dos caminhoneiros em 2025: saiba se paralisa\u00e7\u00e3o vai acontecer"},"content":{"rendered":"\n<p>Fevereiro j\u00e1 come\u00e7ou com uma not\u00edcia preocupante para os brasileiros: o <a href=\"https:\/\/diariodocomercio.com.br\/mix\/alta-do-diesel-pode-causar-aumento-no-preco-destes-alimentos\/\" data-type=\"post\" data-id=\"2407\" target=\"_blank\" rel=\"noreferrer noopener\">aumento no pre\u00e7o dos combust\u00edveis<\/a>. A Petrobras fez um reajuste no pre\u00e7o do diesel e aumentou o Imposto sobre a Circula\u00e7\u00e3o de Mercadorias e Servi\u00e7os (ICMS). Com essas mudan\u00e7as, j\u00e1 come\u00e7aram os rumores de uma poss\u00edvel greve de caminhoneiros.<\/p>\n\n\n\n<p>A categoria dos caminhoneiros, uma das mais afetadas pelo aumento no pre\u00e7o do combust\u00edvel, j\u00e1 articula reuni\u00f5es para debater o tema. Segundo o Folha de Curitiba, lideran\u00e7as nacionais dos transportados aut\u00f4nomos de cargas est\u00e3o com encontro marcado para o pr\u00f3ximo s\u00e1bado (8), em Porto de Santos, S\u00e3o Paulo. Mas isso quer dizer necessariamente que teremos uma greve?<\/p>\n\n\n\n<p>Pode ser que sim, mas n\u00e3o temos como dar certeza de nada por enquanto. De acordo com o Transmiss\u00e3o Pol\u00edtica, lideran\u00e7as do setor afirmam, que se n\u00e3o houver um di\u00e1logo com as autoridades, uma paralisa\u00e7\u00e3o pode ser inevit\u00e1vel.<\/p>\n\n\n\n<h2 class=\"wp-block-heading\">Relembre a greve nacional dos caminhoneiros de 2018<\/h2>\n\n\n\n<p>N\u00e3o seria a primeira vez da categoria se mobilizando para pressionar o governo. L\u00e1 em 2018, durante o governo Temer, o setor realizou a maior mobiliza\u00e7\u00e3o do setor de transporte de cargas da hist\u00f3ria do Brasil, com dez dias de dura\u00e7\u00e3o. Al\u00e9m de paralisar as atividades, v\u00e1rios caminhoneiros se juntaram para bloquear rodovias. A greve paralisou v\u00e1rios setores da economia e gerou desabastecimento por todo o pa\u00eds.<\/p>\n\n\n\n<p>A classe exigia que o governo e a Petrobras reduzissem a zero a carga tribut\u00e1ria sobre o diesel. O aumento de pre\u00e7os, que vinha acontecendo quase diariamente, era parte de uma nova pol\u00edtica da empresa para acompanhar o mercado internacional.<\/p>\n\n\n\n<p>A paralisa\u00e7\u00e3o terminou com acordos entre o governo e lideran\u00e7as da categoria, e com a entrada do Ex\u00e9rcito brasileiro para desbloquear vias e garantir o abastecimento a v\u00e1rios setores. <em>&#8220;A greve acabou ap\u00f3s o Congresso aprovar uma tabela com valores m\u00ednimos para o frete de cargas no pa\u00eds e reduzir o pre\u00e7o do diesel em R$ 0,46 a partir de julho de 2018&#8221;<\/em>, explica a BBC.<\/p>\n","protected":false},"excerpt":{"rendered":"<p>A Petrobras recentemente fez um reajuste no pre\u00e7o do diesel e aumentou o ICMS, acendendo os rumores de uma greve dos caminhoneiros.<\/p>\n","protected":false},"author":6,"featured_media":2424,"comment_status":"closed","ping_status":"closed","sticky":false,"template":"","format":"standard","meta":{"jnews-multi-image_gallery":[],"jnews_single_post":{"format":"standard"},"jnews_primary_category":[],"jnews_social_meta":[],"jnews_override_counter":[],"jnews_post_split":[],"footnotes":""},"categories":[1],"tags":[],"class_list":["post-2423","post","type-post","status-publish","format-standard","has-post-thumbnail","hentry","category-geral"],"_referencia":"","_links":{"self":[{"href":"https:\/\/diariodocomercio.com.br\/mix\/wp-json\/wp\/v2\/posts\/2423","targetHints":{"allow":["GET"]}}],"collection":[{"href":"https:\/\/diariodocomercio.com.br\/mix\/wp-json\/wp\/v2\/posts"}],"about":[{"href":"https:\/\/diariodocomercio.com.br\/mix\/wp-json\/wp\/v2\/types\/post"}],"author":[{"embeddable":true,"href":"https:\/\/diariodocomercio.com.br\/mix\/wp-json\/wp\/v2\/users\/6"}],"replies":[{"embeddable":true,"href":"https:\/\/diariodocomercio.com.br\/mix\/wp-json\/wp\/v2\/comments?post=2423"}],"version-history":[{"count":2,"href":"https:\/\/diariodocomercio.com.br\/mix\/wp-json\/wp\/v2\/posts\/2423\/revisions"}],"predecessor-version":[{"id":2428,"href":"https:\/\/diariodocomercio.com.br\/mix\/wp-json\/wp\/v2\/posts\/2423\/revisions\/2428"}],"wp:featuredmedia":[{"embeddable":true,"href":"https:\/\/diariodocomercio.com.br\/mix\/wp-json\/wp\/v2\/media\/2424"}],"wp:attachment":[{"href":"https:\/\/diariodocomercio.com.br\/mix\/wp-json\/wp\/v2\/media?parent=2423"}],"wp:term":[{"taxonomy":"category","embeddable":true,"href":"https:\/\/diariodocomercio.com.br\/mix\/wp-json\/wp\/v2\/categories?post=2423"},{"taxonomy":"post_tag","embeddable":true,"href":"https:\/\/diariodocomercio.com.br\/mix\/wp-json\/wp\/v2\/tags?post=2423"}],"curies":[{"name":"wp","href":"https:\/\/api.w.org\/{rel}","templated":true}]}}