{"id":24282,"date":"2025-11-01T07:03:00","date_gmt":"2025-11-01T10:03:00","guid":{"rendered":"https:\/\/diariodocomercio.com.br\/mix\/?p=24282"},"modified":"2025-10-31T09:14:31","modified_gmt":"2025-10-31T12:14:31","slug":"william-bonner-reduzira-80-do-salario-para-apresentar-o-globo-reporter","status":"publish","type":"post","link":"https:\/\/diariodocomercio.com.br\/mix\/william-bonner-reduzira-80-do-salario-para-apresentar-o-globo-reporter\/","title":{"rendered":"William Bonner reduzir\u00e1 80% do sal\u00e1rio para apresentar o Globo Rep\u00f3rter"},"content":{"rendered":"\n<p>Ap\u00f3s quase tr\u00eas d\u00e9cadas \u00e0 frente do\u00a0<em>Jornal Nacional<\/em>,\u00a0William Bonner\u00a0se prepara para uma grande mudan\u00e7a em sua carreira \u2014 e tamb\u00e9m em sua rotina. O jornalista deixar\u00e1 a bancada do principal telejornal da Globo no\u00a0dia 3 de novembro, encerrando um ciclo de\u00a029 anos\u00a0como \u00e2ncora e editor-chefe. A partir de 2026, Bonner assumir\u00e1 o comando do\u00a0<em>Globo Rep\u00f3rter<\/em>, ao lado de\u00a0Sandra Annenberg, em uma nova fase profissional marcada por mais leveza \u2014 e uma\u00a0redu\u00e7\u00e3o dr\u00e1stica de sal\u00e1rio.<\/p>\n\n\n\n<p>De acordo com informa\u00e7\u00f5es do colunista\u00a0Andr\u00e9 Romano, do portal\u00a0<em>O Tempo<\/em>, Bonner, que atualmente recebe cerca de\u00a0R$ 900 mil mensais\u00a0\u2014 valor que inclui seu trabalho como apresentador e editor-chefe do\u00a0<em>JN<\/em>\u00a0\u2014, passar\u00e1 a ganhar aproximadamente\u00a0R$ 200 mil por m\u00eas\u00a0no novo programa. Isso representa uma\u00a0redu\u00e7\u00e3o de cerca de 78%\u00a0nos rendimentos do jornalista.<\/p>\n\n\n\n<p>A mudan\u00e7a salarial acompanha tamb\u00e9m uma transforma\u00e7\u00e3o no ritmo de trabalho. Enquanto o&nbsp;<em>Jornal Nacional<\/em>&nbsp;exige presen\u00e7a di\u00e1ria, transmiss\u00f5es ao vivo e lideran\u00e7a de uma grande equipe de reda\u00e7\u00e3o, o&nbsp;<em>Globo Rep\u00f3rter<\/em>&nbsp;tem um formato&nbsp;<strong>semanal e documental<\/strong>, com grava\u00e7\u00f5es planejadas e uma agenda mais flex\u00edvel.<\/p>\n\n\n\n<p>Com isso, Bonner poder\u00e1 se dedicar mais \u00e0 produ\u00e7\u00e3o de conte\u00fado especial e reportagens em profundidade \u2014 algo que, segundo fontes ligadas \u00e0 emissora, o jornalista sempre quis explorar com mais tempo e liberdade criativa.<\/p>\n\n\n\n<blockquote class=\"wp-block-quote is-layout-flow wp-block-quote-is-layout-flow\">\n<p>\u201cEle seguir\u00e1 como um dos rostos mais respeitados do jornalismo da Globo, mas agora em um projeto que permitir\u00e1 a ele um ritmo mais tranquilo e uma nova forma de comunica\u00e7\u00e3o com o p\u00fablico\u201d, revelou um profissional pr\u00f3ximo \u00e0 equipe do&nbsp;<em>JN<\/em>.<\/p>\n<\/blockquote>\n\n\n\n<h2 class=\"wp-block-heading\"><strong>Mudan\u00e7as no\u00a0<em>Jornal Nacional<\/em><\/strong><\/h2>\n\n\n\n<p>Com a sa\u00edda de Bonner, o&nbsp;<em>Jornal Nacional<\/em>&nbsp;passar\u00e1 a ser comandado por&nbsp;<strong>C\u00e9sar Tralli<\/strong>&nbsp;e&nbsp;<strong>Renata Vasconcellos<\/strong>, j\u00e1 a partir de novembro.<br>A fun\u00e7\u00e3o de&nbsp;<strong>editor-chefe<\/strong>, que Bonner acumulava desde 1996, ser\u00e1 assumida por&nbsp;<strong>Cristiana Sousa Cruz<\/strong>, atual editora-chefe adjunta e figura central na produ\u00e7\u00e3o do telejornal nos \u00faltimos seis anos.<\/p>\n\n\n\n<p>A Globo confirmou oficialmente a mudan\u00e7a em comunicado interno, destacando o legado de Bonner e o impacto de sua trajet\u00f3ria no jornalismo brasileiro.<\/p>\n\n\n\n<h2 class=\"wp-block-heading\"><strong>Uma nova fase ap\u00f3s quase 30 anos de bancada<\/strong><\/h2>\n\n\n\n<p>Aos 61 anos, William Bonner encerra um dos per\u00edodos mais marcantes da TV brasileira. Desde 1996, o jornalista comandou coberturas hist\u00f3ricas, como elei\u00e7\u00f5es, crises pol\u00edticas e eventos internacionais, consolidando-se como uma das figuras mais influentes da imprensa nacional.<\/p>\n","protected":false},"excerpt":{"rendered":"<p>Ap\u00f3s quase tr\u00eas d\u00e9cadas \u00e0 frente do\u00a0Jornal Nacional,\u00a0William Bonner\u00a0se prepara para uma grande mudan\u00e7a em sua carreira \u2014 e tamb\u00e9m em sua rotina. O jornalista deixar\u00e1 a bancada do principal telejornal da Globo no\u00a0dia 3 de novembro, encerrando um ciclo de\u00a029 anos\u00a0como \u00e2ncora e editor-chefe. A partir de 2026, Bonner assumir\u00e1 o comando do\u00a0Globo Rep\u00f3rter, [&hellip;]<\/p>\n","protected":false},"author":9,"featured_media":22162,"comment_status":"closed","ping_status":"closed","sticky":false,"template":"","format":"standard","meta":{"jnews-multi-image_gallery":[],"jnews_single_post":{"format":"standard"},"jnews_primary_category":[],"jnews_social_meta":[],"jnews_override_counter":[],"jnews_post_split":[],"footnotes":""},"categories":[1],"tags":[],"class_list":["post-24282","post","type-post","status-publish","format-standard","has-post-thumbnail","hentry","category-geral"],"_referencia":"","_links":{"self":[{"href":"https:\/\/diariodocomercio.com.br\/mix\/wp-json\/wp\/v2\/posts\/24282","targetHints":{"allow":["GET"]}}],"collection":[{"href":"https:\/\/diariodocomercio.com.br\/mix\/wp-json\/wp\/v2\/posts"}],"about":[{"href":"https:\/\/diariodocomercio.com.br\/mix\/wp-json\/wp\/v2\/types\/post"}],"author":[{"embeddable":true,"href":"https:\/\/diariodocomercio.com.br\/mix\/wp-json\/wp\/v2\/users\/9"}],"replies":[{"embeddable":true,"href":"https:\/\/diariodocomercio.com.br\/mix\/wp-json\/wp\/v2\/comments?post=24282"}],"version-history":[{"count":1,"href":"https:\/\/diariodocomercio.com.br\/mix\/wp-json\/wp\/v2\/posts\/24282\/revisions"}],"predecessor-version":[{"id":24285,"href":"https:\/\/diariodocomercio.com.br\/mix\/wp-json\/wp\/v2\/posts\/24282\/revisions\/24285"}],"wp:featuredmedia":[{"embeddable":true,"href":"https:\/\/diariodocomercio.com.br\/mix\/wp-json\/wp\/v2\/media\/22162"}],"wp:attachment":[{"href":"https:\/\/diariodocomercio.com.br\/mix\/wp-json\/wp\/v2\/media?parent=24282"}],"wp:term":[{"taxonomy":"category","embeddable":true,"href":"https:\/\/diariodocomercio.com.br\/mix\/wp-json\/wp\/v2\/categories?post=24282"},{"taxonomy":"post_tag","embeddable":true,"href":"https:\/\/diariodocomercio.com.br\/mix\/wp-json\/wp\/v2\/tags?post=24282"}],"curies":[{"name":"wp","href":"https:\/\/api.w.org\/{rel}","templated":true}]}}