{"id":2437,"date":"2025-02-03T18:10:30","date_gmt":"2025-02-03T21:10:30","guid":{"rendered":"https:\/\/diariodocomercio.com.br\/mix\/?p=2437"},"modified":"2025-02-03T18:10:31","modified_gmt":"2025-02-03T21:10:31","slug":"otima-noticia-para-os-beneficiarios-do-bolsa-familia-em-fevereiro-de-2025","status":"publish","type":"post","link":"https:\/\/diariodocomercio.com.br\/mix\/otima-noticia-para-os-beneficiarios-do-bolsa-familia-em-fevereiro-de-2025\/","title":{"rendered":"\u00d3tima not\u00edcia para os benefici\u00e1rios do Bolsa Fam\u00edlia em fevereiro de 2025"},"content":{"rendered":"\n<p>O m\u00eas de fevereiro ter\u00e1 algumas novidades para os benefici\u00e1rios do Bolsa Fam\u00edlia e foi divulgado o calend\u00e1rio de pagamentos, com as datas sendo antecipadas. Al\u00e9m disso, tamb\u00e9m foi confirmado o pagamento de benef\u00edcios adicionais para algumas fam\u00edlias, que poder\u00e1 ser fundamental como um novo aux\u00edlio.&nbsp;<\/p>\n\n\n\n<p>Neste m\u00eas, os pagamentos come\u00e7am mais cedo e o primeiro grupo de benefici\u00e1rios vai receber os valores no dia 17 de fevereiro. Assim como de costume,&nbsp; os pagamentos s\u00e3o realizados de forma escalonada, baseados no NIS (N\u00famero de Inscri\u00e7\u00e3o Social) do benefici\u00e1rio.&nbsp;<\/p>\n\n\n\n<h2 class=\"wp-block-heading\">Confira abaixo o calend\u00e1rio completo do Bolsa Fam\u00edlia 2025<\/h2>\n\n\n\n<ul class=\"wp-block-list\">\n<li>17 de fevereiro: Final NIS 1<\/li>\n\n\n\n<li>18 de fevereiro: Final NIS 2<\/li>\n\n\n\n<li>19 de fevereiro: Final NIS 3<\/li>\n\n\n\n<li>20 de fevereiro: Final NIS 4<\/li>\n\n\n\n<li>21 de fevereiro: Final NIS 5<\/li>\n\n\n\n<li>22 de fevereiro: Final NIS 6<\/li>\n\n\n\n<li>23 de fevereiro: Final NIS 7<\/li>\n\n\n\n<li>24 de fevereiro: Final NIS 8<\/li>\n\n\n\n<li>25 de fevereiro: Final NIS 9<\/li>\n\n\n\n<li>28 de fevereiro: Final NIS 0<\/li>\n<\/ul>\n\n\n\n<h2 class=\"wp-block-heading\">Quais valores ser\u00e3o pagos?<\/h2>\n\n\n\n<p>O valor base do pagamento de fevereiro \u00e9 de R$600, mas algumas fam\u00edlias podem ter benef\u00edcios adicionais, dependendo da composi\u00e7\u00e3o familiar. \u00c9 acrescentado R$ 50 para fam\u00edlias com crian\u00e7as de 7 a 17 anos ou para mulheres gr\u00e1vidas e lactantes (at\u00e9 6 meses). Para fam\u00edlias com crian\u00e7as de at\u00e9 6 anos, o valor adicional pode ser de R$150, com o limite de dois filhos para este benef\u00edcio extra. Vale destacar que esses benef\u00edcios adicionais s\u00e3o para casos espec\u00edficos e quem consegue o direito, receber\u00e1 o valor pago junto com o benef\u00edcio principal do Bolsa Fam\u00edlia.&nbsp;&nbsp;<\/p>\n","protected":false},"excerpt":{"rendered":"<p>O m\u00eas de fevereiro ter\u00e1 algumas novidades para os benefici\u00e1rios do Bolsa Fam\u00edlia e foi divulgado o calend\u00e1rio de pagamentos, com as datas sendo antecipadas. Al\u00e9m disso, tamb\u00e9m foi confirmado o pagamento de benef\u00edcios adicionais para algumas fam\u00edlias, que poder\u00e1 ser fundamental como um novo aux\u00edlio.&nbsp; Neste m\u00eas, os pagamentos come\u00e7am mais cedo e o [&hellip;]<\/p>\n","protected":false},"author":7,"featured_media":2438,"comment_status":"closed","ping_status":"closed","sticky":false,"template":"","format":"standard","meta":{"jnews-multi-image_gallery":[],"jnews_single_post":{"format":"standard"},"jnews_primary_category":[],"jnews_social_meta":[],"jnews_override_counter":[],"jnews_post_split":[],"footnotes":""},"categories":[1],"tags":[],"class_list":["post-2437","post","type-post","status-publish","format-standard","has-post-thumbnail","hentry","category-geral"],"_referencia":"","_links":{"self":[{"href":"https:\/\/diariodocomercio.com.br\/mix\/wp-json\/wp\/v2\/posts\/2437","targetHints":{"allow":["GET"]}}],"collection":[{"href":"https:\/\/diariodocomercio.com.br\/mix\/wp-json\/wp\/v2\/posts"}],"about":[{"href":"https:\/\/diariodocomercio.com.br\/mix\/wp-json\/wp\/v2\/types\/post"}],"author":[{"embeddable":true,"href":"https:\/\/diariodocomercio.com.br\/mix\/wp-json\/wp\/v2\/users\/7"}],"replies":[{"embeddable":true,"href":"https:\/\/diariodocomercio.com.br\/mix\/wp-json\/wp\/v2\/comments?post=2437"}],"version-history":[{"count":1,"href":"https:\/\/diariodocomercio.com.br\/mix\/wp-json\/wp\/v2\/posts\/2437\/revisions"}],"predecessor-version":[{"id":2439,"href":"https:\/\/diariodocomercio.com.br\/mix\/wp-json\/wp\/v2\/posts\/2437\/revisions\/2439"}],"wp:featuredmedia":[{"embeddable":true,"href":"https:\/\/diariodocomercio.com.br\/mix\/wp-json\/wp\/v2\/media\/2438"}],"wp:attachment":[{"href":"https:\/\/diariodocomercio.com.br\/mix\/wp-json\/wp\/v2\/media?parent=2437"}],"wp:term":[{"taxonomy":"category","embeddable":true,"href":"https:\/\/diariodocomercio.com.br\/mix\/wp-json\/wp\/v2\/categories?post=2437"},{"taxonomy":"post_tag","embeddable":true,"href":"https:\/\/diariodocomercio.com.br\/mix\/wp-json\/wp\/v2\/tags?post=2437"}],"curies":[{"name":"wp","href":"https:\/\/api.w.org\/{rel}","templated":true}]}}