{"id":2440,"date":"2025-02-03T18:52:27","date_gmt":"2025-02-03T21:52:27","guid":{"rendered":"https:\/\/diariodocomercio.com.br\/mix\/?p=2440"},"modified":"2025-02-03T18:52:27","modified_gmt":"2025-02-03T21:52:27","slug":"anvisa-toma-decisao-e-manda-recolher-lotes-de-creme-hidratante","status":"publish","type":"post","link":"https:\/\/diariodocomercio.com.br\/mix\/anvisa-toma-decisao-e-manda-recolher-lotes-de-creme-hidratante\/","title":{"rendered":"Anvisa toma decis\u00e3o e manda recolher lotes de creme hidratante"},"content":{"rendered":"\n<p>De acordo com a publica\u00e7\u00e3o no Di\u00e1rio Oficial da Uni\u00e3o (DOU), a Anvisa confirmou o recolhimento de tr\u00eas lotes do creme hidratante Fisiogel A+E Lo\u00e7\u00e3o (475 ml), que \u00e9 fabricado pela Megalabs Farmac\u00eautica S.A. A decis\u00e3o foi publicada no dia 23 de janeiro e a pr\u00f3pria fabricante est\u00e1 sendo respons\u00e1vel pelo recolhimento dos seguintes lotes afetados: Lote 241154, Lote 241155 e Lote 241156.&nbsp;<\/p>\n\n\n\n<p>Vale ressaltar que essa medida est\u00e1 ocorrendo desde outubro de 2024, antes mesmo da decis\u00e3o da Anvisa. Mesmo assim, o \u00f3rg\u00e3o regulador determinou a suspens\u00e3o da comercializa\u00e7\u00e3o, distribui\u00e7\u00e3o, fabrica\u00e7\u00e3o e uso dos produtos afetados. Segundo a Megalabs, foi necess\u00e1rio retirar os lotes por ter indicado nas an\u00e1lises o comprometimento da qualidade. A Anvisa alertou que existiam modifica\u00e7\u00f5es nas texturas dos cremes, al\u00e9m da colora\u00e7\u00e3o do cosm\u00e9tico que poderia resultar em rea\u00e7\u00f5es adversas, como irrita\u00e7\u00f5es cut\u00e2neas e alergias, principalmente em pessoas com pele sens\u00edvel.<\/p>\n\n\n\n<h2 class=\"wp-block-heading\">Qual a import\u00e2ncia da Anvisa no Brasil?<\/h2>\n\n\n\n<p>A Ag\u00eancia Nacional de Vigil\u00e2ncia Sanit\u00e1ria, popularmente conhecida por Anvisa, desempenha um papel fundamental na prote\u00e7\u00e3o da sa\u00fade da popula\u00e7\u00e3o brasileira. Sua atua\u00e7\u00e3o garante a qualidade, seguran\u00e7a e efic\u00e1cia de uma vasta gama de produtos e servi\u00e7os que utilizamos diariamente.<\/p>\n\n\n\n<p>Al\u00e9m de aprovar novos medicamentos, tamb\u00e9m \u00e9 respons\u00e1vel por fiscalizar alimentos, fazendo inspe\u00e7\u00f5es em f\u00e1bricas e estabelecimentos comerciais para garantir a qualidade dos alimentos e prevenir a ocorr\u00eancia de surtos alimentares. Assim como, o registro de cosm\u00e9ticos, como no caso do creme da Megalabs e no controle de produtos para sa\u00fade, fiscalizando a importa\u00e7\u00e3o e comercializa\u00e7\u00e3o de produtos para sa\u00fade, como equipamentos m\u00e9dicos e produtos para diagn\u00f3stico.<\/p>\n","protected":false},"excerpt":{"rendered":"<p>De acordo com a publica\u00e7\u00e3o no Di\u00e1rio Oficial da Uni\u00e3o (DOU), a Anvisa confirmou o recolhimento de tr\u00eas lotes do creme hidratante Fisiogel A+E Lo\u00e7\u00e3o (475 ml), que \u00e9 fabricado pela Megalabs Farmac\u00eautica S.A. A decis\u00e3o foi publicada no dia 23 de janeiro e a pr\u00f3pria fabricante est\u00e1 sendo respons\u00e1vel pelo recolhimento dos seguintes lotes [&hellip;]<\/p>\n","protected":false},"author":7,"featured_media":2441,"comment_status":"closed","ping_status":"closed","sticky":false,"template":"","format":"standard","meta":{"jnews-multi-image_gallery":[],"jnews_single_post":{"format":"standard"},"jnews_primary_category":[],"jnews_social_meta":[],"jnews_override_counter":[],"jnews_post_split":[],"footnotes":""},"categories":[1],"tags":[],"class_list":["post-2440","post","type-post","status-publish","format-standard","has-post-thumbnail","hentry","category-geral"],"_referencia":"","_links":{"self":[{"href":"https:\/\/diariodocomercio.com.br\/mix\/wp-json\/wp\/v2\/posts\/2440","targetHints":{"allow":["GET"]}}],"collection":[{"href":"https:\/\/diariodocomercio.com.br\/mix\/wp-json\/wp\/v2\/posts"}],"about":[{"href":"https:\/\/diariodocomercio.com.br\/mix\/wp-json\/wp\/v2\/types\/post"}],"author":[{"embeddable":true,"href":"https:\/\/diariodocomercio.com.br\/mix\/wp-json\/wp\/v2\/users\/7"}],"replies":[{"embeddable":true,"href":"https:\/\/diariodocomercio.com.br\/mix\/wp-json\/wp\/v2\/comments?post=2440"}],"version-history":[{"count":1,"href":"https:\/\/diariodocomercio.com.br\/mix\/wp-json\/wp\/v2\/posts\/2440\/revisions"}],"predecessor-version":[{"id":2442,"href":"https:\/\/diariodocomercio.com.br\/mix\/wp-json\/wp\/v2\/posts\/2440\/revisions\/2442"}],"wp:featuredmedia":[{"embeddable":true,"href":"https:\/\/diariodocomercio.com.br\/mix\/wp-json\/wp\/v2\/media\/2441"}],"wp:attachment":[{"href":"https:\/\/diariodocomercio.com.br\/mix\/wp-json\/wp\/v2\/media?parent=2440"}],"wp:term":[{"taxonomy":"category","embeddable":true,"href":"https:\/\/diariodocomercio.com.br\/mix\/wp-json\/wp\/v2\/categories?post=2440"},{"taxonomy":"post_tag","embeddable":true,"href":"https:\/\/diariodocomercio.com.br\/mix\/wp-json\/wp\/v2\/tags?post=2440"}],"curies":[{"name":"wp","href":"https:\/\/api.w.org\/{rel}","templated":true}]}}