{"id":2443,"date":"2025-02-03T19:03:43","date_gmt":"2025-02-03T22:03:43","guid":{"rendered":"https:\/\/diariodocomercio.com.br\/mix\/?p=2443"},"modified":"2025-02-03T19:03:44","modified_gmt":"2025-02-03T22:03:44","slug":"e-verdade-que-o-bpc-vai-ter-decimo-terceiro-entenda-o-beneficio","status":"publish","type":"post","link":"https:\/\/diariodocomercio.com.br\/mix\/e-verdade-que-o-bpc-vai-ter-decimo-terceiro-entenda-o-beneficio\/","title":{"rendered":"\u00c9 verdade que o BPC vai ter d\u00e9cimo terceiro? Entenda o benef\u00edcio"},"content":{"rendered":"\n<p>Existem diversos benef\u00edcios oferecidos pelo governo brasileiro e o Benef\u00edcio de Presta\u00e7\u00e3o Continuada (BPC) \u00e9 um deles, voltado para pessoas que possuem condi\u00e7\u00f5es de se manter ou de ter suas necessidades atendidas por sua fam\u00edlia. Ele tamb\u00e9m \u00e9 conhecido como LOAS, esse benef\u00edcio oferece um sal\u00e1rio m\u00ednimo para idosos com 65 anos ou mais, al\u00e9m de abranger pessoas com defici\u00eancia (de qualquer idade).<\/p>\n\n\n\n<p>O principal objetivo do LOAS \u00e9 garantir uma renda m\u00ednima para pessoas em situa\u00e7\u00f5es de vulnerabilidade social , visando a inclus\u00e3o, dignidade e bem-estar. Para ter direito ao benef\u00edcio, a pessoa e sua fam\u00edlia precisam ser inscritos no Cadastro \u00danico para Programas Sociais do Governo Federal (Cad\u00danico).<\/p>\n\n\n\n<h2 class=\"wp-block-heading\">Quem recebe o benef\u00edcio do BPC\/LOAS t\u00eam direito ao d\u00e9cimo terceiro?<\/h2>\n\n\n\n<p>Os benefici\u00e1rios desse aux\u00edlio n\u00e3o possuem direito ao d\u00e9cimo terceiro sal\u00e1rio, pois \u00e9 considerado um benef\u00edcio assistencial e n\u00e3o previdenci\u00e1rio, ou seja, ele n\u00e3o \u00e9 uma aposentadoria.<\/p>\n\n\n\n<h2 class=\"wp-block-heading\"><strong>Quais os requisitos para ter direito ao BPC?<\/strong><\/h2>\n\n\n\n<p>A pessoa precisa ser brasileiro, nato ou naturalizado, ou portugu\u00eas, desde que resida no Brasil. Sua renda familiar precisa ser igual ou menor que \u00bc do sal\u00e1rio m\u00ednimo por pessoa e \u00e9 preciso comprovar que n\u00e3o possui bens suficientes para prover sua pr\u00f3pria manuten\u00e7\u00e3o e nem de t\u00ea-la provida por sua fam\u00edlia.<\/p>\n\n\n\n<p>Para solicitar o BPC, a pessoa precisa procurar um Centro de Refer\u00eancia da Assist\u00eancia Social (CRAS) ou um \u00f3rg\u00e3o da assist\u00eancia social do seu munic\u00edpio. Tenha em m\u00e3os os documentos solicitados, como comprovante de renda, documentos pessoais e laudos m\u00e9dicos (no caso de pessoas com defici\u00eancia).<\/p>\n","protected":false},"excerpt":{"rendered":"<p>Existem diversos benef\u00edcios oferecidos pelo governo brasileiro e o Benef\u00edcio de Presta\u00e7\u00e3o Continuada (BPC) \u00e9 um deles, voltado para pessoas que possuem condi\u00e7\u00f5es de se manter ou de ter suas necessidades atendidas por sua fam\u00edlia. Ele tamb\u00e9m \u00e9 conhecido como LOAS, esse benef\u00edcio oferece um sal\u00e1rio m\u00ednimo para idosos com 65 anos ou mais, al\u00e9m [&hellip;]<\/p>\n","protected":false},"author":7,"featured_media":2444,"comment_status":"closed","ping_status":"closed","sticky":false,"template":"","format":"standard","meta":{"jnews-multi-image_gallery":[],"jnews_single_post":{"format":"standard"},"jnews_primary_category":[],"jnews_social_meta":[],"jnews_override_counter":[],"jnews_post_split":[],"footnotes":""},"categories":[1],"tags":[],"class_list":["post-2443","post","type-post","status-publish","format-standard","has-post-thumbnail","hentry","category-geral"],"_referencia":"","_links":{"self":[{"href":"https:\/\/diariodocomercio.com.br\/mix\/wp-json\/wp\/v2\/posts\/2443","targetHints":{"allow":["GET"]}}],"collection":[{"href":"https:\/\/diariodocomercio.com.br\/mix\/wp-json\/wp\/v2\/posts"}],"about":[{"href":"https:\/\/diariodocomercio.com.br\/mix\/wp-json\/wp\/v2\/types\/post"}],"author":[{"embeddable":true,"href":"https:\/\/diariodocomercio.com.br\/mix\/wp-json\/wp\/v2\/users\/7"}],"replies":[{"embeddable":true,"href":"https:\/\/diariodocomercio.com.br\/mix\/wp-json\/wp\/v2\/comments?post=2443"}],"version-history":[{"count":1,"href":"https:\/\/diariodocomercio.com.br\/mix\/wp-json\/wp\/v2\/posts\/2443\/revisions"}],"predecessor-version":[{"id":2445,"href":"https:\/\/diariodocomercio.com.br\/mix\/wp-json\/wp\/v2\/posts\/2443\/revisions\/2445"}],"wp:featuredmedia":[{"embeddable":true,"href":"https:\/\/diariodocomercio.com.br\/mix\/wp-json\/wp\/v2\/media\/2444"}],"wp:attachment":[{"href":"https:\/\/diariodocomercio.com.br\/mix\/wp-json\/wp\/v2\/media?parent=2443"}],"wp:term":[{"taxonomy":"category","embeddable":true,"href":"https:\/\/diariodocomercio.com.br\/mix\/wp-json\/wp\/v2\/categories?post=2443"},{"taxonomy":"post_tag","embeddable":true,"href":"https:\/\/diariodocomercio.com.br\/mix\/wp-json\/wp\/v2\/tags?post=2443"}],"curies":[{"name":"wp","href":"https:\/\/api.w.org\/{rel}","templated":true}]}}