{"id":24435,"date":"2025-10-31T20:56:14","date_gmt":"2025-10-31T23:56:14","guid":{"rendered":"https:\/\/diariodocomercio.com.br\/mix\/?p=24435"},"modified":"2025-10-31T20:56:16","modified_gmt":"2025-10-31T23:56:16","slug":"arca-de-noe-desaparecida-desde-2400-a-c-pode-ter-sido-achada-na-asia","status":"publish","type":"post","link":"https:\/\/diariodocomercio.com.br\/mix\/arca-de-noe-desaparecida-desde-2400-a-c-pode-ter-sido-achada-na-asia\/","title":{"rendered":"Arca de No\u00e9 desaparecida desde 2400 a.C. pode ter sido achada na \u00c1sia"},"content":{"rendered":"\n<p>Uma forma\u00e7\u00e3o rochosa com formato de navio, localizada no&nbsp;<strong>leste da Turquia<\/strong>, reacendeu uma das buscas mais antigas da arqueologia: a da&nbsp;<strong>Arca de No\u00e9<\/strong>. O local, conhecido como&nbsp;<strong>Forma\u00e7\u00e3o de Durup\u0131nar<\/strong>, pode conter vest\u00edgios da embarca\u00e7\u00e3o descrita nas escrituras sagradas.<\/p>\n\n\n\n<p>A estrutura, situada a cerca de&nbsp;<strong>30 quil\u00f4metros do Monte Ararat<\/strong>, regi\u00e3o tradicionalmente associada ao epis\u00f3dio b\u00edblico, est\u00e1 prestes a passar por uma&nbsp;<strong>nova escava\u00e7\u00e3o arqueol\u00f3gica<\/strong>. O an\u00fancio foi feito pelo pesquisador e aventureiro norte-americano&nbsp;<strong>Andrew Jones<\/strong>, que lidera uma equipe internacional em parceria com universidades turcas.<\/p>\n\n\n\n<h3 class=\"wp-block-heading\">Um achado que intriga h\u00e1 d\u00e9cadas<\/h3>\n\n\n\n<p>O formato peculiar da forma\u00e7\u00e3o foi descoberto por um piloto da For\u00e7a A\u00e9rea da Turquia no fim da d\u00e9cada de 1950 e ganhou notoriedade nos anos 1970, quando um criacionista americano afirmou se tratar dos&nbsp;<strong>restos da Arca de No\u00e9<\/strong>. Desde ent\u00e3o, o local tem atra\u00eddo ge\u00f3logos, arque\u00f3logos e curiosos do mundo todo.<\/p>\n\n\n\n<p>Embora muitos especialistas afirmem que se trata apenas de uma&nbsp;<strong>forma\u00e7\u00e3o geol\u00f3gica natural<\/strong>, Jones sustenta que an\u00e1lises recentes indicam&nbsp;<strong>poss\u00edvel interven\u00e7\u00e3o humana<\/strong>. Ele afirma que as&nbsp;<strong>varreduras por radar<\/strong>&nbsp;revelaram estruturas retangulares no subsolo, al\u00e9m de ind\u00edcios de sedimentos marinhos e restos de organismos aqu\u00e1ticos \u2014 evid\u00eancias que podem refor\u00e7ar a hip\u00f3tese de uma antiga embarca\u00e7\u00e3o.<\/p>\n\n\n\n<h3 class=\"wp-block-heading\">Escava\u00e7\u00f5es e novas an\u00e1lises<\/h3>\n\n\n\n<p>As pr\u00f3ximas etapas do projeto incluem\u00a0<strong>coletas de solo e estudos com radar de penetra\u00e7\u00e3o terrestre<\/strong>, com o objetivo de identificar materiais de origem org\u00e2nica, como\u00a0<strong>tra\u00e7os de madeira<\/strong>. A presen\u00e7a de\u00a0<strong>limonita<\/strong>, um tipo de min\u00e9rio de ferro, pode dificultar a detec\u00e7\u00e3o de estruturas preservadas, mas os pesquisadores acreditam que o local guarda sinais claros de constru\u00e7\u00e3o.<\/p>\n\n\n\n<p>Jones destacou em entrevista ao jornal&nbsp;<em>The Sun<\/em>&nbsp;que a equipe est\u00e1 preparando um&nbsp;<strong>plano de conserva\u00e7\u00e3o<\/strong>&nbsp;para proteger a \u00e1rea, j\u00e1 que a regi\u00e3o tem&nbsp;<strong>invernos rigorosos e alta atividade geol\u00f3gica<\/strong>. S\u00f3 ap\u00f3s essa etapa as escava\u00e7\u00f5es ser\u00e3o iniciadas.<\/p>\n\n\n\n<h3 class=\"wp-block-heading\">Evid\u00eancias com milhares de anos<\/h3>\n\n\n\n<p>An\u00e1lises preliminares de&nbsp;<strong>22 amostras de solo<\/strong>&nbsp;coletadas em Durup\u0131nar revelaram&nbsp;<strong>sedimentos marinhos, argilas e conchas fossilizadas<\/strong>, datados entre&nbsp;<strong>3.500 e 5.000 anos<\/strong>, per\u00edodo que coincide com o suposto tempo do dil\u00favio narrado na B\u00edblia e no Alcor\u00e3o.<\/p>\n\n\n\n<p>De acordo com Jones, o&nbsp;<strong>pH do solo<\/strong>&nbsp;e a&nbsp;<strong>presen\u00e7a de mat\u00e9ria org\u00e2nica<\/strong>&nbsp;sugerem que o local pode ter abrigado uma&nbsp;<strong>estrutura constru\u00edda artificialmente<\/strong>. \u201cOs resultados apontam para algo que vai al\u00e9m de uma forma\u00e7\u00e3o natural\u201d, disse o arque\u00f3logo.<\/p>\n","protected":false},"excerpt":{"rendered":"<p>Uma forma\u00e7\u00e3o rochosa com formato de navio, localizada no&nbsp;leste da Turquia, reacendeu uma das buscas mais antigas da arqueologia: a da&nbsp;Arca de No\u00e9. O local, conhecido como&nbsp;Forma\u00e7\u00e3o de Durup\u0131nar, pode conter vest\u00edgios da embarca\u00e7\u00e3o descrita nas escrituras sagradas. A estrutura, situada a cerca de&nbsp;30 quil\u00f4metros do Monte Ararat, regi\u00e3o tradicionalmente associada ao epis\u00f3dio b\u00edblico, est\u00e1 [&hellip;]<\/p>\n","protected":false},"author":9,"featured_media":21597,"comment_status":"closed","ping_status":"closed","sticky":false,"template":"","format":"standard","meta":{"jnews-multi-image_gallery":[],"jnews_single_post":{"format":"standard"},"jnews_primary_category":[],"jnews_social_meta":[],"jnews_override_counter":[],"jnews_post_split":[],"footnotes":""},"categories":[1],"tags":[],"class_list":["post-24435","post","type-post","status-publish","format-standard","has-post-thumbnail","hentry","category-geral"],"_referencia":"","_links":{"self":[{"href":"https:\/\/diariodocomercio.com.br\/mix\/wp-json\/wp\/v2\/posts\/24435","targetHints":{"allow":["GET"]}}],"collection":[{"href":"https:\/\/diariodocomercio.com.br\/mix\/wp-json\/wp\/v2\/posts"}],"about":[{"href":"https:\/\/diariodocomercio.com.br\/mix\/wp-json\/wp\/v2\/types\/post"}],"author":[{"embeddable":true,"href":"https:\/\/diariodocomercio.com.br\/mix\/wp-json\/wp\/v2\/users\/9"}],"replies":[{"embeddable":true,"href":"https:\/\/diariodocomercio.com.br\/mix\/wp-json\/wp\/v2\/comments?post=24435"}],"version-history":[{"count":2,"href":"https:\/\/diariodocomercio.com.br\/mix\/wp-json\/wp\/v2\/posts\/24435\/revisions"}],"predecessor-version":[{"id":24437,"href":"https:\/\/diariodocomercio.com.br\/mix\/wp-json\/wp\/v2\/posts\/24435\/revisions\/24437"}],"wp:featuredmedia":[{"embeddable":true,"href":"https:\/\/diariodocomercio.com.br\/mix\/wp-json\/wp\/v2\/media\/21597"}],"wp:attachment":[{"href":"https:\/\/diariodocomercio.com.br\/mix\/wp-json\/wp\/v2\/media?parent=24435"}],"wp:term":[{"taxonomy":"category","embeddable":true,"href":"https:\/\/diariodocomercio.com.br\/mix\/wp-json\/wp\/v2\/categories?post=24435"},{"taxonomy":"post_tag","embeddable":true,"href":"https:\/\/diariodocomercio.com.br\/mix\/wp-json\/wp\/v2\/tags?post=24435"}],"curies":[{"name":"wp","href":"https:\/\/api.w.org\/{rel}","templated":true}]}}