{"id":24881,"date":"2025-11-05T17:22:11","date_gmt":"2025-11-05T20:22:11","guid":{"rendered":"https:\/\/diariodocomercio.com.br\/mix\/?p=24881"},"modified":"2025-11-05T17:22:13","modified_gmt":"2025-11-05T20:22:13","slug":"cidadania-italiana-na-black-friday-escritorios-anunciam-promocoes-mas-especialistas-alertam-para-armadilha","status":"publish","type":"post","link":"https:\/\/diariodocomercio.com.br\/mix\/cidadania-italiana-na-black-friday-escritorios-anunciam-promocoes-mas-especialistas-alertam-para-armadilha\/","title":{"rendered":"Cidadania italiana na Black Friday: escrit\u00f3rios anunciam promo\u00e7\u00f5es, mas especialistas alertam para armadilha"},"content":{"rendered":"\n<p>Empresas que oferecem servi\u00e7os de&nbsp;<strong>cidadania italiana<\/strong>&nbsp;no Brasil aproveitaram a temporada de descontos da&nbsp;<strong>Black Friday<\/strong>&nbsp;para divulgar campanhas promocionais, mas a estrat\u00e9gia provocou forte rea\u00e7\u00e3o entre especialistas e autoridades. O soci\u00f3logo&nbsp;<strong>Daniel Taddone<\/strong>, refer\u00eancia na \u00e1rea, fez um apelo p\u00fablico pedindo&nbsp;<strong>autoconten\u00e7\u00e3o<\/strong>&nbsp;e criticou o tom mercantil de an\u00fancios como&nbsp;<em>\u201cNovember del Cavolo\u201d<\/em>&nbsp;\u2014 trocadilho considerado ofensivo por parte da comunidade \u00edtalo-brasileira.<\/p>\n\n\n\n<p>\u201cVoc\u00eas sabem que esse tipo de propaganda ser\u00e1 usado contra n\u00f3s. Pelo amor de Deus, tenham um pouco de escr\u00fapulos\u201d, escreveu Taddone em suas redes sociais, destacando que&nbsp;<strong>o problema n\u00e3o \u00e9 o servi\u00e7o em si<\/strong>, mas&nbsp;<strong>a forma de divulga\u00e7\u00e3o<\/strong>, que pode refor\u00e7ar a percep\u00e7\u00e3o de que brasileiros buscam o passaporte italiano apenas como um \u201cacesso facilitado \u00e0 Europa\u201d.<\/p>\n\n\n\n<p>O pr\u00f3prio&nbsp;<strong>governo italiano<\/strong>&nbsp;tem se manifestado contra a explora\u00e7\u00e3o comercial do tema. Em mar\u00e7o deste ano, o vice-primeiro-ministro&nbsp;<strong>Antonio Tajani<\/strong>&nbsp;apresentou, em uma coletiva de imprensa,&nbsp;<strong>an\u00fancios de empresas brasileiras<\/strong>&nbsp;que prometiam at\u00e9&nbsp;<strong>30% de desconto<\/strong>&nbsp;para quem quisesse \u201ctirar a cidadania italiana\u201d. Ao exibir as pe\u00e7as, Tajani foi categ\u00f3rico: \u201cSer cidad\u00e3o italiano \u00e9 algo s\u00e9rio. N\u00e3o \u00e9 para ter um passaporte no bolso e ir fazer compras em Miami.\u201d<\/p>\n\n\n\n<p>As cr\u00edticas ocorreram no mesmo dia em que o governo italiano anunciou&nbsp;<strong>mudan\u00e7as profundas nas regras<\/strong>&nbsp;para o reconhecimento da cidadania por descend\u00eancia. Agora,&nbsp;<strong>apenas filhos e netos de italianos<\/strong>&nbsp;poder\u00e3o solicitar o direito \u2014 antes, n\u00e3o havia limite de gera\u00e7\u00f5es. A medida provocou&nbsp;<strong>queda de at\u00e9 90% na demanda<\/strong>&nbsp;por servi\u00e7os de assessoria, segundo o advogado&nbsp;<strong>Vagner Cardoso<\/strong>, fundador da empresa&nbsp;<strong>Terra Nostra<\/strong>, uma das maiores do setor.<\/p>\n\n\n\n<p>\u201cN\u00e3o \u00e9 com\u00e9rcio, \u00e9 um servi\u00e7o de utilidade p\u00fablica\u201d, defende Cardoso, que emprega mais de 100 pessoas. Segundo ele, as cr\u00edticas de Roma refletem desconhecimento da realidade dos descendentes no Brasil.<\/p>\n\n\n\n<h2 class=\"wp-block-heading\"><strong>Sonho adiado e incertezas<\/strong><\/h2>\n\n\n\n<p>Para muitos brasileiros, a cidadania italiana representa\u00a0<strong>mais do que um passaporte europeu<\/strong>\u00a0\u2014 \u00e9 tamb\u00e9m um resgate de identidade e de oportunidades. <\/p>\n\n\n\n<p>O Brasil abriga cerca de\u00a030 milh\u00f5es de descendentes de italianos, sendo\u00a020 milh\u00f5es s\u00f3 em S\u00e3o Paulo, segundo estimativas da embaixada italiana. Entre 1870 e 1920,\u00a01,4 milh\u00e3o de imigrantes italianos\u00a0chegaram ao pa\u00eds. Hoje, cerca de\u00a0730 mil brasileiros j\u00e1 t\u00eam cidadania reconhecida.<\/p>\n\n\n\n<p>O setor de assessorias de cidadania movimenta\u00a0milh\u00f5es de reais por ano, com valores que variam de\u00a0R$ 17 mil a R$ 25 mil\u00a0por processo, incluindo taxas, tradu\u00e7\u00f5es e honor\u00e1rios. A nova legisla\u00e7\u00e3o, no entanto, imp\u00f4s restri\u00e7\u00f5es severas e determinou que quem j\u00e1 tem o passaporte italiano precisar\u00e1 comprovar\u00a0v\u00ednculos reais e cont\u00ednuos com a It\u00e1lia\u00a0\u2014 como votar ou residir no pa\u00eds a cada 25 anos.<\/p>\n\n\n\n<p>Com as regras mais duras e o tom das autoridades italianas,\u00a0as campanhas de \u201cBlack Friday da cidadania\u201d passaram a ser vistas como um tiro no p\u00e9. Taddone e outros especialistas alertam que a abordagem comercial pode refor\u00e7ar estigmas e\u00a0enfraquecer o argumento jur\u00eddico e hist\u00f3rico\u00a0que sustenta o direito dos \u00edtalo-brasileiros.<\/p>\n","protected":false},"excerpt":{"rendered":"<p>Empresas que oferecem servi\u00e7os de&nbsp;cidadania italiana&nbsp;no Brasil aproveitaram a temporada de descontos da&nbsp;Black Friday&nbsp;para divulgar campanhas promocionais, mas a estrat\u00e9gia provocou forte rea\u00e7\u00e3o entre especialistas e autoridades. O soci\u00f3logo&nbsp;Daniel Taddone, refer\u00eancia na \u00e1rea, fez um apelo p\u00fablico pedindo&nbsp;autoconten\u00e7\u00e3o&nbsp;e criticou o tom mercantil de an\u00fancios como&nbsp;\u201cNovember del Cavolo\u201d&nbsp;\u2014 trocadilho considerado ofensivo por parte da comunidade \u00edtalo-brasileira. [&hellip;]<\/p>\n","protected":false},"author":9,"featured_media":7983,"comment_status":"closed","ping_status":"closed","sticky":false,"template":"","format":"standard","meta":{"jnews-multi-image_gallery":[],"jnews_single_post":{"format":"standard"},"jnews_primary_category":[],"jnews_social_meta":[],"jnews_override_counter":[],"jnews_post_split":[],"footnotes":""},"categories":[1],"tags":[],"class_list":["post-24881","post","type-post","status-publish","format-standard","has-post-thumbnail","hentry","category-geral"],"_referencia":"","_links":{"self":[{"href":"https:\/\/diariodocomercio.com.br\/mix\/wp-json\/wp\/v2\/posts\/24881","targetHints":{"allow":["GET"]}}],"collection":[{"href":"https:\/\/diariodocomercio.com.br\/mix\/wp-json\/wp\/v2\/posts"}],"about":[{"href":"https:\/\/diariodocomercio.com.br\/mix\/wp-json\/wp\/v2\/types\/post"}],"author":[{"embeddable":true,"href":"https:\/\/diariodocomercio.com.br\/mix\/wp-json\/wp\/v2\/users\/9"}],"replies":[{"embeddable":true,"href":"https:\/\/diariodocomercio.com.br\/mix\/wp-json\/wp\/v2\/comments?post=24881"}],"version-history":[{"count":1,"href":"https:\/\/diariodocomercio.com.br\/mix\/wp-json\/wp\/v2\/posts\/24881\/revisions"}],"predecessor-version":[{"id":24886,"href":"https:\/\/diariodocomercio.com.br\/mix\/wp-json\/wp\/v2\/posts\/24881\/revisions\/24886"}],"wp:featuredmedia":[{"embeddable":true,"href":"https:\/\/diariodocomercio.com.br\/mix\/wp-json\/wp\/v2\/media\/7983"}],"wp:attachment":[{"href":"https:\/\/diariodocomercio.com.br\/mix\/wp-json\/wp\/v2\/media?parent=24881"}],"wp:term":[{"taxonomy":"category","embeddable":true,"href":"https:\/\/diariodocomercio.com.br\/mix\/wp-json\/wp\/v2\/categories?post=24881"},{"taxonomy":"post_tag","embeddable":true,"href":"https:\/\/diariodocomercio.com.br\/mix\/wp-json\/wp\/v2\/tags?post=24881"}],"curies":[{"name":"wp","href":"https:\/\/api.w.org\/{rel}","templated":true}]}}