{"id":24887,"date":"2025-11-05T17:30:58","date_gmt":"2025-11-05T20:30:58","guid":{"rendered":"https:\/\/diariodocomercio.com.br\/mix\/?p=24887"},"modified":"2025-11-05T18:25:35","modified_gmt":"2025-11-05T21:25:35","slug":"lula-viaja-para-defender-a-venezuela-contra-ataques-dos-eua","status":"publish","type":"post","link":"https:\/\/diariodocomercio.com.br\/mix\/lula-viaja-para-defender-a-venezuela-contra-ataques-dos-eua\/","title":{"rendered":"Lula viaja para defender a Venezuela contra ataques dos EUA"},"content":{"rendered":"\n<p>O presidente&nbsp;<strong>Luiz In\u00e1cio Lula da Silva<\/strong>&nbsp;decidiu viajar \u00e0&nbsp;<strong>Col\u00f4mbia<\/strong>&nbsp;no fim de semana para participar da&nbsp;<strong>reuni\u00e3o da Comunidade de Estados Latino-Americanos e Caribenhos (Celac)<\/strong>&nbsp;com a&nbsp;<strong>Uni\u00e3o Europeia<\/strong>, marcada para os dias&nbsp;<strong>9 e 10 de novembro<\/strong>, na cidade de&nbsp;<strong>Santa Marta<\/strong>. A informa\u00e7\u00e3o foi confirmada pelo&nbsp;<strong>ministro das Rela\u00e7\u00f5es Exteriores<\/strong>,&nbsp;<strong>Mauro Vieira<\/strong>, na noite de ter\u00e7a-feira (4).<\/p>\n\n\n\n<p>De acordo com o chanceler, o encontro ter\u00e1 como um de seus eixos centrais&nbsp;<strong>a defesa da soberania da Venezuela<\/strong>, que, nas \u00faltimas semanas, tem sido alvo de&nbsp;<strong>amea\u00e7as de a\u00e7\u00e3o militar por parte dos Estados Unidos<\/strong>.<\/p>\n\n\n\n<blockquote class=\"wp-block-quote is-layout-flow wp-block-quote-is-layout-flow\">\n<p>\u201c\u00c9 uma solidariedade regional \u00e0 Venezuela, tendo em vista que o presidente repetidamente j\u00e1 disse que a Am\u00e9rica Latina \u2014 e sobretudo a Am\u00e9rica do Sul \u2014 \u00e9 uma regi\u00e3o de paz e coopera\u00e7\u00e3o\u201d, afirmou Vieira.<\/p>\n<\/blockquote>\n\n\n\n<p>A participa\u00e7\u00e3o de Lula deve ter&nbsp;<strong>forte simbolismo diplom\u00e1tico<\/strong>. O Itamaraty avalia que, diante da escalada de tens\u00f5es no Caribe, \u00e9 necess\u00e1rio reafirmar o princ\u00edpio da&nbsp;<strong>n\u00e3o interven\u00e7\u00e3o<\/strong>&nbsp;e do&nbsp;<strong>di\u00e1logo multilateral<\/strong>, pilares da pol\u00edtica externa brasileira desde o in\u00edcio do terceiro mandato de Lula.<\/p>\n\n\n\n<p>Fontes do governo indicam que o presidente defender\u00e1&nbsp;<strong>solu\u00e7\u00f5es negociadas<\/strong>&nbsp;para a crise venezuelana e&nbsp;<strong>condenar\u00e1 a\u00e7\u00f5es unilaterais dos EUA<\/strong>, que recentemente enviaram&nbsp;<strong>navios de guerra ao Caribe<\/strong>&nbsp;e&nbsp;<strong>ca\u00e7as a Porto Rico<\/strong>&nbsp;sob o pretexto de combater o tr\u00e1fico de drogas.<\/p>\n\n\n<style>@media (min-width: 992px) {\n    .recomendadorV2Area1 {\n        width: 280px;\n    }\n    .recomendadorV2Area2 {\n        padding: 0px 20px;\n        width: calc(100% - 280px);\n    }\n}\n\n@media (max-width: 992px) {\n    .recomendadorV2Button {\n        margin: 0 auto;\n    }\n    .recomendadorV2Area {\n        flex-direction: column;\n        text-align: center;\n    }\n    .recomendadorV2Area2 {\n        padding: 0px 20px;\n    }\n}\n\n.recomendadorV2Area {\n    background: #eeeeee3d;\n    border-radius: 10px;\n    padding: 15px;\n    display: flex;\n    margin: 15px auto;\n    border: 1px solid #00000014;\n    max-width: 800px;\n}\n\n.recomendadorV2Area1 img {\n    width: 280px;\n    height: auto;\n    border-radius: 8px;\n}\n\n.linkrecomendadorv2 {\n    text-decoration: none !important;\n}\n\n.recomendadorV2Area2 .recomendadorV2Type {\n    text-transform: uppercase;\n    font-weight: 500;\n    font-size: 11px;\n    letter-spacing: 2px;\n    color: #666;\n    margin: 12px 0;\n    display: block;\n}\n\n.recomendadorV2Title h2 {\n    padding-top: 0px !important;\n    margin: 0px !important;\n    border-left: none !important;\n    padding-left: 0px !important;\n    line-height: 1.3;\n    color: #000 !important;\n    font-size: 24px;\n    margin-bottom: 12px !important;\n}\n\n.recomendadorV2Desc {\n    color: #333;\n    margin: 12px 0px !important;\n    font-size: 15px;\n    line-height: 1.5;\n}\n\n.recomendadorV2Button {\n    width: auto;\n    max-width: 200px;\n    margin: 0;\n    display: inline-flex;\n    align-items: center;\n    background: #1D3557;\n    border-radius: 8px;\n    color: #fff;\n    height: 36px;\n    justify-content: center;\n    text-align: center;\n    font-size: 14px;\n    padding: 0 20px;\n    transition: background-color 0.2s ease;\n}\n\n.recomendadorV2Button:hover {\n    background: #2a4d7a;\n}\n\n.recomendadorV2Button:after {\n    margin-top: -2px;\n    content: \"\u2192\";\n    padding: 0px 0px 0px 8px;\n}\n\n.recomendadorV2Alert {\n    text-align: left;\n    font-size: 11px;\n    margin-top: 8px;\n    color: #666;\n}\n\n.recomendadorFixedArea {\n    width: 100%;\n    display: flex;\n    justify-content: center;\n    align-items: center;\n}\n\n@media (min-width: 992px) {\n    #recomendadorFixed {\n        width: 32% !important;\n        left: 5%;\n    }\n    .recomendadorCloseFixed{\n        right: inherit !important;\n        left: 378px !important;\n    }\n}\n\n#recomendadorFixed {\n    width: 90%;\n    box-shadow: 0 10px 20px 0px #00000057;\n    display: none;\n    height: 90px;\n    background: #F6F6F6;\n    position: fixed;\n    flex-direction: row;\n    bottom: 10px;\n    z-index: 9999;\n    border-radius: 16px;\n    padding: 7px 10px;\n}\n\n.recomendadorLeftArea {\n    width: 160px;\n}\n\n.recomendadorRightArea h2 {\n    padding-top: 0px;\n    margin: 2px 0px 4px 0px !important;\n    font-weight: 400;\n    text-align: center;\n    padding-left: 0px !important;\n    color: #000 !important;\n    border-left: none !important;\n    line-height: 20px;\n    font-size: 12px !important;\n}\n\n.recomendadorImgFixed {\n    overflow: hidden;\n    padding: 8px 6px;\n    height: 100%;\n}\n\n.recomendadorImgFixed img {\n    height: 100% !important;\n    border-radius: 16px;\n}\n\n.recomendadorRightArea {\n    padding-top: 6px;\n    display: flex;\n    width: calc(100% - 130px);\n    justify-content: space-between;\n    align-items: center;\n    flex-direction: column;\n}\n\n.recomendadorButtonFixed {\n    margin: 0 auto;\n    background: #1D3557;\n    width: 80%;\n    text-align: center;\n    font-size: 10px;\n    color: #FFF;\n    padding: 2px 10px;\n    border-radius: 3px;\n}\n\n.recomendadorButtonFixed:after {\n    margin-top: -3px;\n    content: \"\u2192\";\n    padding: 0px 0px 0px 10px;\n}\n\n.recomendadorAlertFixed {\n    font-weight: 400;\n    text-align: center;\n    color: #484848;\n    font-size: 8px;\n}\n\n.recomendadorCloseFixed {\n    z-index: 99999;\n    display: none;\n    right: 0px;\n    left: inherit;\n    bottom: 99px;\n    position: fixed;\n    justify-content: center;\n    background: #F6F6F6;\n    width: 25px;\n    align-items: center;\n    height: 25px;\n    font-weight: 800;\n    border-radius: 50%;\n    border: 1px solid #EBEBEB;\n}\n\n.recomendadorV2Desc{\n    color: #000000;\n    margin: 20px 0px;\n}\n\n@media (max-width: 576px) {\n    .recomendadorV2Area {\n      padding: 10px;\n      max-width: 100%;\n    }\n  \n    .recomendadorV2Area1 img {\n      width: 100%;\n      border-radius: 6px;\n    }\n  \n    .recomendadorV2Area2 .recomendadorV2Type {\n      font-size: 9px;\n      letter-spacing: 1px;\n      margin: 8px 0;\n    }\n  \n    .recomendadorV2Title h2 {\n      font-size: 18px !important;\n      margin-bottom: 8px !important;\n      line-height: 1.2;\n    }\n  \n    .recomendadorV2Desc {\n      font-size: 14px;\n      margin: 8px 0 !important;\n      line-height: 1.4;\n    }\n  \n    .recomendadorV2Button {\n      font-size: 14px;\n      height: 40px;\n      padding: 0 12px;\n      max-width: 100%;\n      width: 100%;\n    }\n  \n    .recomendadorV2Button:after {\n      padding-left: 6px;\n    }\n  }\n  <\/style>\n        <div class=\"lazyblock-recomendador-v2-2jDGz wp-block-lazyblock-recomendador-v2\">\n        <a class=\"linkrecomendadorv2\" href=\"https:\/\/diariodocomercio.com.br\/mix\/estados-unidos-elegem-novo-lider-socialista-africano-e-donald-trump-esta-furioso\/?utm_source=lazy\">\n            <div class=\"recomendadorV2Area\">\n            <div class=\"recomendadorV2Area1\">\n                <div class=\"recomendadorV2Img\">\n                <img class=\"lazyloaded\" decoding=\"async\" src=\"https:\/\/diariodocomercio.com.br\/mix\/wp-content\/uploads\/2025\/07\/image-211.jpg\" data-src=\"https:\/\/diariodocomercio.com.br\/mix\/wp-content\/uploads\/2025\/07\/image-211.jpg\" alt=\"\">\n                <\/div>\n            <\/div>\n            <div class=\"recomendadorV2Area2\">\n                <div class=\"recomendadorV2Type\">\n                    <span>Elei\u00e7\u00f5es US<\/span>\n                <\/div>\n                <div class=\"recomendadorV2Title\">\n                <h2><span>Nova lideran\u00e7a socialista nos EUA \ud83c\uddfa\ud83c\uddf8<\/span><\/h2>\n                <\/div>\n                <div class=\"recomendadorV2Desc\">\n                <span>Veja por que Donald Trump reagiu forte<\/span>\n                <\/div>\n                <div class=\"recomendadorV2Button\">Leia a mat\u00e9ria<\/div>\n                <div class=\"recomendadorV2Alert\"><\/div>\n            <\/div>\n            <\/div>\n        <\/a>\n        <div>\n            <div style=\"z-index:99999;\" id=\"buttonClose\" onclick=\"closeRecomendadorFixed()\">\n            <div class=\"recomendadorCloseFixed\">X<\/div>\n            <\/div>\n            <a href=\"https:\/\/diariodocomercio.com.br\/mix\/estados-unidos-elegem-novo-lider-socialista-africano-e-donald-trump-esta-furioso\/?utm_source=lazy\">\n            <div class=\"recomendadorFixedArea\">\n                <div id=\"recomendadorFixed\">\n                <div class=\"recomendadorLeftArea\">\n                    <div class=\"recomendadorImgFixed\">\n                    <img class=\"lazyload\" decoding=\"async\" src=\"https:\/\/diariodocomercio.com.br\/mix\/wp-content\/uploads\/2025\/07\/image-211.jpg\" alt=\"\">\n                    <\/div>\n                <\/div>\n                <div class=\"recomendadorRightArea\">\n                    <div class=\"recomendadorTitleFixed\">\n                    <h2><span>Nova lideran\u00e7a socialista nos EUA \ud83c\uddfa\ud83c\uddf8<\/span><\/h2>\n                    <\/div>\n                    <div class=\"recomendadorButtonFixed\">Leia a mat\u00e9ria<\/div>\n                    <div class=\"recomendadorAlertFixed\"><\/div>\n                <\/div>\n                <\/div>\n            <\/div>\n            <\/a>\n        <\/div>\n        <\/div>\n\n\n\n<p>Entretanto, segundo analistas, as opera\u00e7\u00f5es americanas t\u00eam caracter\u00edsticas de&nbsp;<strong>press\u00e3o militar sobre o governo de Nicol\u00e1s Maduro<\/strong>, podendo configurar&nbsp;<strong>execu\u00e7\u00f5es extrajudiciais<\/strong>&nbsp;e viola\u00e7\u00f5es do direito internacional.<\/p>\n\n\n\n<h2 class=\"wp-block-heading\"><strong>Ajustes na agenda presidencial<\/strong><\/h2>\n\n\n\n<p>A viagem \u00e0 Col\u00f4mbia n\u00e3o estava prevista originalmente. Lula, que est\u00e1 em&nbsp;<strong>Bel\u00e9m (PA)<\/strong>&nbsp;desde o \u00faltimo s\u00e1bado (1\u00ba), onde supervisiona os preparativos para a&nbsp;<strong>COP30<\/strong>, havia planejado viajar no fim de semana para&nbsp;<strong>Fernando de Noronha (PE)<\/strong>, onde participaria do lan\u00e7amento de um projeto de energia solar.<\/p>\n\n\n\n<p>Com a nova decis\u00e3o, o presidente&nbsp;<strong>cancelou a agenda em Noronha<\/strong>&nbsp;e seguir\u00e1 de&nbsp;<strong>Bel\u00e9m para Santa Marta<\/strong>&nbsp;ap\u00f3s o encerramento da&nbsp;<strong>c\u00fapula de chefes de Estado da COP30<\/strong>, marcada para&nbsp;<strong>quinta (6)<\/strong>&nbsp;e&nbsp;<strong>sexta-feira (7)<\/strong>. Ele deve participar da reuni\u00e3o da Celac no domingo (9) e retornar ao Par\u00e1 a tempo da&nbsp;<strong>abertura oficial da confer\u00eancia clim\u00e1tica<\/strong>&nbsp;na segunda-feira (10).<\/p>\n\n\n\n<h2 class=\"wp-block-heading\"><strong>\u201cRela\u00e7\u00f5es comerciais seguem inalteradas\u201d, diz Itamaraty<\/strong><\/h2>\n\n\n\n<p>O chanceler Mauro Vieira minimizou o impacto da posi\u00e7\u00e3o brasileira nas&nbsp;<strong>rela\u00e7\u00f5es bilaterais com Washington<\/strong>, especialmente nas negocia\u00e7\u00f5es sobre&nbsp;<strong>tarifas de exporta\u00e7\u00e3o<\/strong>.<\/p>\n\n\n\n<blockquote class=\"wp-block-quote is-layout-flow wp-block-quote-is-layout-flow\">\n<p>\u201cA manifesta\u00e7\u00e3o do presidente n\u00e3o atrapalhar\u00e1 de forma alguma as negocia\u00e7\u00f5es com os Estados Unidos. Os contatos tratam de quest\u00f5es comerciais e bilaterais, n\u00e3o de pol\u00edtica regional\u201d, disse.<\/p>\n<\/blockquote>\n\n\n\n<h2 class=\"wp-block-heading\"><strong>Contexto internacional e riscos<\/strong><\/h2>\n\n\n\n<p>De acordo com reportagens do&nbsp;<em>New York Times<\/em>, o governo&nbsp;<strong>Donald Trump<\/strong>&nbsp;elaborou planos que incluem&nbsp;<strong>ataques diretos a unidades militares venezuelanas<\/strong>&nbsp;e at\u00e9 a&nbsp;<strong>ocupa\u00e7\u00e3o de campos de petr\u00f3leo<\/strong>&nbsp;do pa\u00eds. Embora o ex-presidente ainda n\u00e3o tenha decidido avan\u00e7ar, fontes afirmam que&nbsp;<strong>assessores pressionam por a\u00e7\u00f5es mais agressivas<\/strong>, com o objetivo de&nbsp;<strong>remover Maduro do poder<\/strong>.<\/p>\n\n\n\n<p>A posi\u00e7\u00e3o brasileira, nesse cen\u00e1rio, \u00e9 vista como&nbsp;<strong>um contraponto latino-americano<\/strong>&nbsp;\u00e0s amea\u00e7as americanas. Diplomatas pr\u00f3ximos ao Planalto afirmam que Lula busca&nbsp;<strong>liderar uma frente regional pela paz<\/strong>&nbsp;e&nbsp;<strong>defender a soberania dos pa\u00edses vizinhos<\/strong>, evitando a repeti\u00e7\u00e3o de interven\u00e7\u00f5es militares que marcaram o s\u00e9culo XX.<\/p>\n","protected":false},"excerpt":{"rendered":"<p>O presidente&nbsp;Luiz In\u00e1cio Lula da Silva&nbsp;decidiu viajar \u00e0&nbsp;Col\u00f4mbia&nbsp;no fim de semana para participar da&nbsp;reuni\u00e3o da Comunidade de Estados Latino-Americanos e Caribenhos (Celac)&nbsp;com a&nbsp;Uni\u00e3o Europeia, marcada para os dias&nbsp;9 e 10 de novembro, na cidade de&nbsp;Santa Marta. A informa\u00e7\u00e3o foi confirmada pelo&nbsp;ministro das Rela\u00e7\u00f5es Exteriores,&nbsp;Mauro Vieira, na noite de ter\u00e7a-feira (4). De acordo com o chanceler, [&hellip;]<\/p>\n","protected":false},"author":9,"featured_media":5739,"comment_status":"closed","ping_status":"closed","sticky":false,"template":"","format":"standard","meta":{"jnews-multi-image_gallery":[],"jnews_single_post":{"format":"standard"},"jnews_primary_category":[],"jnews_social_meta":[],"jnews_override_counter":[],"jnews_post_split":[],"footnotes":""},"categories":[1],"tags":[],"class_list":["post-24887","post","type-post","status-publish","format-standard","has-post-thumbnail","hentry","category-geral"],"_referencia":"","_links":{"self":[{"href":"https:\/\/diariodocomercio.com.br\/mix\/wp-json\/wp\/v2\/posts\/24887","targetHints":{"allow":["GET"]}}],"collection":[{"href":"https:\/\/diariodocomercio.com.br\/mix\/wp-json\/wp\/v2\/posts"}],"about":[{"href":"https:\/\/diariodocomercio.com.br\/mix\/wp-json\/wp\/v2\/types\/post"}],"author":[{"embeddable":true,"href":"https:\/\/diariodocomercio.com.br\/mix\/wp-json\/wp\/v2\/users\/9"}],"replies":[{"embeddable":true,"href":"https:\/\/diariodocomercio.com.br\/mix\/wp-json\/wp\/v2\/comments?post=24887"}],"version-history":[{"count":3,"href":"https:\/\/diariodocomercio.com.br\/mix\/wp-json\/wp\/v2\/posts\/24887\/revisions"}],"predecessor-version":[{"id":24908,"href":"https:\/\/diariodocomercio.com.br\/mix\/wp-json\/wp\/v2\/posts\/24887\/revisions\/24908"}],"wp:featuredmedia":[{"embeddable":true,"href":"https:\/\/diariodocomercio.com.br\/mix\/wp-json\/wp\/v2\/media\/5739"}],"wp:attachment":[{"href":"https:\/\/diariodocomercio.com.br\/mix\/wp-json\/wp\/v2\/media?parent=24887"}],"wp:term":[{"taxonomy":"category","embeddable":true,"href":"https:\/\/diariodocomercio.com.br\/mix\/wp-json\/wp\/v2\/categories?post=24887"},{"taxonomy":"post_tag","embeddable":true,"href":"https:\/\/diariodocomercio.com.br\/mix\/wp-json\/wp\/v2\/tags?post=24887"}],"curies":[{"name":"wp","href":"https:\/\/api.w.org\/{rel}","templated":true}]}}