{"id":24914,"date":"2025-11-05T18:56:00","date_gmt":"2025-11-05T21:56:00","guid":{"rendered":"https:\/\/diariodocomercio.com.br\/mix\/?p=24914"},"modified":"2025-11-05T18:48:53","modified_gmt":"2025-11-05T21:48:53","slug":"principe-william-quebra-protocolo-e-aparece-ao-lado-de-jogadora-de-volei-no-rio-de-janeiro","status":"publish","type":"post","link":"https:\/\/diariodocomercio.com.br\/mix\/principe-william-quebra-protocolo-e-aparece-ao-lado-de-jogadora-de-volei-no-rio-de-janeiro\/","title":{"rendered":"Pr\u00edncipe William quebra protocolo e aparece ao lado de jogadora de v\u00f4lei no Rio de Janeiro"},"content":{"rendered":"\n<p>O <strong>pr\u00edncipe William <\/strong>surpreendeu ao participar de uma partida de v\u00f4lei de praia com a atleta ol\u00edmpica brasileira Carol Solberg. O evento ocorreu nesta ter\u00e7a-feira, 4 de novembro, na praia de Copacabana, no Rio de Janeiro.<\/p>\n\n\n\n<p>A visita de William ao Brasil incluiu compromissos ambientais, como a entrega da chave da cidade do Rio e a participa\u00e7\u00e3o na cerim\u00f4nia Earthshot Prize.<\/p>\n\n\n\n<p>A famosa praia de Copacabana foi palco de um evento especial em que o pr\u00edncipe brit\u00e2nico e a jogadora Carol Solberg interagiram com jovens do Instituto Levante. Esta organiza\u00e7\u00e3o, liderada por Carol, promove o v\u00f4lei de praia para crian\u00e7as de comunidades carentes. O objetivo \u00e9 difundir o esporte e oferecer oportunidades educacionais.<\/p>\n\n\n\n<h2 class=\"wp-block-heading\">Esporte social<\/h2>\n\n\n\n<p>Durante a partida, William mostrou habilidades surpreendentes, destacando-se em bloqueios e defesas. Este momento refor\u00e7ou a import\u00e2ncia de projetos sociais, como o Instituto Levante, no incentivo ao desenvolvimento de jovens por meio do esporte.<\/p>\n\n\n\n<p>O Instituto Levante busca mais do que ensinar o v\u00f4lei; ele oferece um espa\u00e7o de acolhimento e inclus\u00e3o para os participantes.<\/p>\n\n\n\n<h2 class=\"wp-block-heading\">Eventos da agenda do pr\u00edncipe&nbsp;<\/h2>\n\n\n\n<p>Al\u00e9m do encontro esportivo, a agenda do Pr\u00edncipe William no Brasil incluiu a entrega simb\u00f3lica da chave da cidade do Rio de Janeiro. Esse gesto foi realizado pelo prefeito Eduardo Paes.<\/p>\n\n\n\n<p>Nas mesmas datas, William tamb\u00e9m participou da cerim\u00f4nia do Earthshot Prize, realizada no Museu do Amanh\u00e3.&nbsp;<\/p>\n\n\n\n<p>William finaliza sua estadia no Brasil participando da COP-30, em Bel\u00e9m, representando o Rei Charles III. Esta confer\u00eancia discute a\u00e7\u00f5es globais para enfrentar as mudan\u00e7as clim\u00e1ticas, continuando o trabalho ambiental defendido pela fam\u00edlia real brit\u00e2nica.&nbsp;<\/p>\n","protected":false},"excerpt":{"rendered":"<p>O pr\u00edncipe William surpreendeu ao participar de uma partida de v\u00f4lei de praia.<\/p>\n","protected":false},"author":12,"featured_media":24915,"comment_status":"closed","ping_status":"closed","sticky":false,"template":"","format":"standard","meta":{"jnews-multi-image_gallery":[],"jnews_single_post":{"format":"standard"},"jnews_primary_category":[],"jnews_social_meta":[],"jnews_override_counter":[],"jnews_post_split":[],"footnotes":""},"categories":[1],"tags":[],"class_list":["post-24914","post","type-post","status-publish","format-standard","has-post-thumbnail","hentry","category-geral"],"_referencia":"","_links":{"self":[{"href":"https:\/\/diariodocomercio.com.br\/mix\/wp-json\/wp\/v2\/posts\/24914","targetHints":{"allow":["GET"]}}],"collection":[{"href":"https:\/\/diariodocomercio.com.br\/mix\/wp-json\/wp\/v2\/posts"}],"about":[{"href":"https:\/\/diariodocomercio.com.br\/mix\/wp-json\/wp\/v2\/types\/post"}],"author":[{"embeddable":true,"href":"https:\/\/diariodocomercio.com.br\/mix\/wp-json\/wp\/v2\/users\/12"}],"replies":[{"embeddable":true,"href":"https:\/\/diariodocomercio.com.br\/mix\/wp-json\/wp\/v2\/comments?post=24914"}],"version-history":[{"count":1,"href":"https:\/\/diariodocomercio.com.br\/mix\/wp-json\/wp\/v2\/posts\/24914\/revisions"}],"predecessor-version":[{"id":24916,"href":"https:\/\/diariodocomercio.com.br\/mix\/wp-json\/wp\/v2\/posts\/24914\/revisions\/24916"}],"wp:featuredmedia":[{"embeddable":true,"href":"https:\/\/diariodocomercio.com.br\/mix\/wp-json\/wp\/v2\/media\/24915"}],"wp:attachment":[{"href":"https:\/\/diariodocomercio.com.br\/mix\/wp-json\/wp\/v2\/media?parent=24914"}],"wp:term":[{"taxonomy":"category","embeddable":true,"href":"https:\/\/diariodocomercio.com.br\/mix\/wp-json\/wp\/v2\/categories?post=24914"},{"taxonomy":"post_tag","embeddable":true,"href":"https:\/\/diariodocomercio.com.br\/mix\/wp-json\/wp\/v2\/tags?post=24914"}],"curies":[{"name":"wp","href":"https:\/\/api.w.org\/{rel}","templated":true}]}}