{"id":24917,"date":"2025-11-05T19:19:00","date_gmt":"2025-11-05T22:19:00","guid":{"rendered":"https:\/\/diariodocomercio.com.br\/mix\/?p=24917"},"modified":"2025-11-05T18:59:00","modified_gmt":"2025-11-05T21:59:00","slug":"funcionarios-publicos-estao-ha-36-dias-trabalhando-sem-receber-salario-por-conta-da-maior-paralisacao-da-historia-dos-eua","status":"publish","type":"post","link":"https:\/\/diariodocomercio.com.br\/mix\/funcionarios-publicos-estao-ha-36-dias-trabalhando-sem-receber-salario-por-conta-da-maior-paralisacao-da-historia-dos-eua\/","title":{"rendered":"Funcion\u00e1rios p\u00fablicos est\u00e3o h\u00e1 36 dias trabalhando sem receber sal\u00e1rio por conta da maior paralisa\u00e7\u00e3o da hist\u00f3ria dos EUA"},"content":{"rendered":"\n<p>O governo dos Estados Unidos alcan\u00e7ou um marco hist\u00f3rico com o <strong>shutdown federal<\/strong> mais longo de sua trajet\u00f3ria, estendendo-se por 36 dias desde 1\u00ba de outubro. O impasse surgiu ap\u00f3s o Congresso n\u00e3o chegar a um acordo sobre o or\u00e7amento, refletindo a crescente polariza\u00e7\u00e3o entre o presidente Donald Trump e democratas.<\/p>\n\n\n\n<p>Esta situa\u00e7\u00e3o resultou na <strong>suspens\u00e3o de pagamentos a milh\u00f5es de servidores <\/strong>e na interrup\u00e7\u00e3o de servi\u00e7os p\u00fablicos essenciais, impactando milh\u00f5es de americanos. Al\u00e9m disso, o programa de assist\u00eancia alimentar Snap, que apoia aproximadamente 40 milh\u00f5es de cidad\u00e3os de baixa renda, enfrentou interrup\u00e7\u00f5es cr\u00edticas.<\/p>\n\n\n\n<h2 class=\"wp-block-heading\">Desafios or\u00e7ament\u00e1rios persistentes<\/h2>\n\n\n\n<p>A prolongada paralisa\u00e7\u00e3o exp\u00f4s a resist\u00eancia de Trump em avan\u00e7ar nas negocia\u00e7\u00f5es com l\u00edderes democratas, que defendem a revers\u00e3o de cortes fiscais e a elabora\u00e7\u00e3o de um novo or\u00e7amento.<\/p>\n\n\n\n<p>Os republicanos, por outro lado, pressionam por medidas tempor\u00e1rias para manter os gastos no n\u00edvel atual. Sem consenso no Congresso, a crise pol\u00edtica e econ\u00f4mica se intensifica, com a seguran\u00e7a alimentar e programas educativos e de sa\u00fade do pa\u00eds amea\u00e7ados.<\/p>\n\n\n\n<h2 class=\"wp-block-heading\">Press\u00f5es pol\u00edticas e econ\u00f4micas<\/h2>\n\n\n\n<p>A polariza\u00e7\u00e3o pol\u00edtica se reflete em pesquisas que apontam a responsabiliza\u00e7\u00e3o do presidente e seu partido pela crise. Do ponto de vista econ\u00f4mico, o shutdown impacta negativamente o PIB dos EUA, \u00e0 medida que cada semana de paralisa\u00e7\u00e3o reduz seu crescimento potencial.<\/p>\n\n\n\n<p>Dados econ\u00f4micos essenciais, como taxas de desemprego e \u00edndices de infla\u00e7\u00e3o, sofrem atrasos, desafiando o Federal Reserve na determina\u00e7\u00e3o das taxas de juros.<\/p>\n","protected":false},"excerpt":{"rendered":"<p>Situa\u00e7\u00e3o resultou na suspens\u00e3o de pagamentos a milh\u00f5es de servidores e na interrup\u00e7\u00e3o de servi\u00e7os p\u00fablicos essenciais.<\/p>\n","protected":false},"author":12,"featured_media":11800,"comment_status":"closed","ping_status":"closed","sticky":false,"template":"","format":"standard","meta":{"jnews-multi-image_gallery":[],"jnews_single_post":{"format":"standard"},"jnews_primary_category":[],"jnews_social_meta":[],"jnews_override_counter":[],"jnews_post_split":[],"footnotes":""},"categories":[1],"tags":[],"class_list":["post-24917","post","type-post","status-publish","format-standard","has-post-thumbnail","hentry","category-geral"],"_referencia":"","_links":{"self":[{"href":"https:\/\/diariodocomercio.com.br\/mix\/wp-json\/wp\/v2\/posts\/24917","targetHints":{"allow":["GET"]}}],"collection":[{"href":"https:\/\/diariodocomercio.com.br\/mix\/wp-json\/wp\/v2\/posts"}],"about":[{"href":"https:\/\/diariodocomercio.com.br\/mix\/wp-json\/wp\/v2\/types\/post"}],"author":[{"embeddable":true,"href":"https:\/\/diariodocomercio.com.br\/mix\/wp-json\/wp\/v2\/users\/12"}],"replies":[{"embeddable":true,"href":"https:\/\/diariodocomercio.com.br\/mix\/wp-json\/wp\/v2\/comments?post=24917"}],"version-history":[{"count":1,"href":"https:\/\/diariodocomercio.com.br\/mix\/wp-json\/wp\/v2\/posts\/24917\/revisions"}],"predecessor-version":[{"id":24918,"href":"https:\/\/diariodocomercio.com.br\/mix\/wp-json\/wp\/v2\/posts\/24917\/revisions\/24918"}],"wp:featuredmedia":[{"embeddable":true,"href":"https:\/\/diariodocomercio.com.br\/mix\/wp-json\/wp\/v2\/media\/11800"}],"wp:attachment":[{"href":"https:\/\/diariodocomercio.com.br\/mix\/wp-json\/wp\/v2\/media?parent=24917"}],"wp:term":[{"taxonomy":"category","embeddable":true,"href":"https:\/\/diariodocomercio.com.br\/mix\/wp-json\/wp\/v2\/categories?post=24917"},{"taxonomy":"post_tag","embeddable":true,"href":"https:\/\/diariodocomercio.com.br\/mix\/wp-json\/wp\/v2\/tags?post=24917"}],"curies":[{"name":"wp","href":"https:\/\/api.w.org\/{rel}","templated":true}]}}