{"id":2494,"date":"2025-02-04T18:09:10","date_gmt":"2025-02-04T21:09:10","guid":{"rendered":"https:\/\/diariodocomercio.com.br\/mix\/?p=2494"},"modified":"2025-02-04T18:09:11","modified_gmt":"2025-02-04T21:09:11","slug":"homem-encontra-moeda-rara-avaliada-em-r-16-mil-e-tem-atitude-surpreendente","status":"publish","type":"post","link":"https:\/\/diariodocomercio.com.br\/mix\/homem-encontra-moeda-rara-avaliada-em-r-16-mil-e-tem-atitude-surpreendente\/","title":{"rendered":"Homem encontra moeda rara avaliada em R$ 16 mil e tem atitude surpreendente"},"content":{"rendered":"\n<p>O Ex\u00e9rcito da Salva\u00e7\u00e3o \u00e9 uma das maiores organiza\u00e7\u00f5es de caridade do mundo, sendo respons\u00e1vel por ajudar milagres de pessoas, atuando nos Estados Unidos para arrecadar fundos em campanhas natalinas. Perto das festas de final de ano, muitos volunt\u00e1rios se mobilizam para a causa para buscarem fundos com chaleiras vermelhas e sinos, arrecadando contribui\u00e7\u00f5es em dinheiro destinadas a programas sociais.<\/p>\n\n\n\n<p>Mas, em 2024, a campanha se destacou ainda mais, pois foi doado de forma an\u00f4nima um conjunto de moedas raras, que inclu\u00edam entre as mais avaliadas chegava ao valor de US$ 2.700 (mais de R$ 16 mil). A moeda foi encontrada pelos funcion\u00e1rios do Ex\u00e9rcito da Salva\u00e7\u00e3o na cidade de Washington, na Pensilv\u00e2nia, quando retirou a quantia arrecadada na cl\u00e1ssica chaleira vermelha que estava em frente a um supermercado da rede Giant Eagle.<\/p>\n\n\n\n<h2 class=\"wp-block-heading\">Entenda o motivo da moeda ser rara<\/h2>\n\n\n\n<p>Feita de ouro, a moeda tem o retrato da Rainha Elizabeth II, chamando a aten\u00e7\u00e3o dos respons\u00e1veis pela organiza\u00e7\u00e3o de caridade. Segundo o site da Fox News americana, foi descoberto que a moeda \u00e9 canadense conhecida como &#8220;Maple Leaf&#8221; (folha de bordo), datada de 1987 e contendo uma inscri\u00e7\u00e3o gravada. Inclusive, especialistas afirmaram que esse tipo de moeda foi elaborado para adquirir barras de ouro.<\/p>\n\n\n\n<p><em>&#8220;Supondo que a pessoa comprou a moeda em 1987, ela teria pago um pre\u00e7o m\u00e9dio naquele ano de US$ 520. [O valor atual dela] \u00e9 mais de 500% de diferen\u00e7a em rela\u00e7\u00e3o ao valor de 1987&#8221;<\/em>, contou David Zanca, diretor da empresa de investimentos americana especializada em moedas raras em entrevista \u00e0 Fox News.<\/p>\n\n\n\n<p><em>\u201cO que isso me diz \u00e9 que ainda h\u00e1 esperan\u00e7a para as pessoas aqui neste mundo\u201d<\/em>, disse Thomas Perez, do Ex\u00e9rcito da Salva\u00e7\u00e3o. <em>\u201cMuitas pessoas perderam a esperan\u00e7a e acham que o mundo est\u00e1 cheio de maldade e que n\u00e3o h\u00e1 mais amor, alegria e compaix\u00e3o neste mundo. Isso me mostra que ainda h\u00e1 compaix\u00e3o neste mundo.\u201d<\/em><\/p>\n","protected":false},"excerpt":{"rendered":"<p>O Ex\u00e9rcito da Salva\u00e7\u00e3o \u00e9 uma das maiores organiza\u00e7\u00f5es de caridade do mundo, sendo respons\u00e1vel por ajudar milagres de pessoas, atuando nos Estados Unidos para arrecadar fundos em campanhas natalinas. Perto das festas de final de ano, muitos volunt\u00e1rios se mobilizam para a causa para buscarem fundos com chaleiras vermelhas e sinos, arrecadando contribui\u00e7\u00f5es em [&hellip;]<\/p>\n","protected":false},"author":7,"featured_media":2496,"comment_status":"closed","ping_status":"closed","sticky":false,"template":"","format":"standard","meta":{"jnews-multi-image_gallery":[],"jnews_single_post":{"format":"standard"},"jnews_primary_category":[],"jnews_social_meta":[],"jnews_override_counter":[],"jnews_post_split":[],"footnotes":""},"categories":[1],"tags":[],"class_list":["post-2494","post","type-post","status-publish","format-standard","has-post-thumbnail","hentry","category-geral"],"_referencia":"","_links":{"self":[{"href":"https:\/\/diariodocomercio.com.br\/mix\/wp-json\/wp\/v2\/posts\/2494","targetHints":{"allow":["GET"]}}],"collection":[{"href":"https:\/\/diariodocomercio.com.br\/mix\/wp-json\/wp\/v2\/posts"}],"about":[{"href":"https:\/\/diariodocomercio.com.br\/mix\/wp-json\/wp\/v2\/types\/post"}],"author":[{"embeddable":true,"href":"https:\/\/diariodocomercio.com.br\/mix\/wp-json\/wp\/v2\/users\/7"}],"replies":[{"embeddable":true,"href":"https:\/\/diariodocomercio.com.br\/mix\/wp-json\/wp\/v2\/comments?post=2494"}],"version-history":[{"count":1,"href":"https:\/\/diariodocomercio.com.br\/mix\/wp-json\/wp\/v2\/posts\/2494\/revisions"}],"predecessor-version":[{"id":2497,"href":"https:\/\/diariodocomercio.com.br\/mix\/wp-json\/wp\/v2\/posts\/2494\/revisions\/2497"}],"wp:featuredmedia":[{"embeddable":true,"href":"https:\/\/diariodocomercio.com.br\/mix\/wp-json\/wp\/v2\/media\/2496"}],"wp:attachment":[{"href":"https:\/\/diariodocomercio.com.br\/mix\/wp-json\/wp\/v2\/media?parent=2494"}],"wp:term":[{"taxonomy":"category","embeddable":true,"href":"https:\/\/diariodocomercio.com.br\/mix\/wp-json\/wp\/v2\/categories?post=2494"},{"taxonomy":"post_tag","embeddable":true,"href":"https:\/\/diariodocomercio.com.br\/mix\/wp-json\/wp\/v2\/tags?post=2494"}],"curies":[{"name":"wp","href":"https:\/\/api.w.org\/{rel}","templated":true}]}}