{"id":25229,"date":"2025-11-07T19:43:22","date_gmt":"2025-11-07T22:43:22","guid":{"rendered":"https:\/\/diariodocomercio.com.br\/mix\/?p=25229"},"modified":"2025-11-07T19:43:24","modified_gmt":"2025-11-07T22:43:24","slug":"depois-do-bolsa-familia-governo-prepara-novo-programa-que-promete-mudar-a-vida-dos-brasileiros","status":"publish","type":"post","link":"https:\/\/diariodocomercio.com.br\/mix\/depois-do-bolsa-familia-governo-prepara-novo-programa-que-promete-mudar-a-vida-dos-brasileiros\/","title":{"rendered":"Depois do Bolsa Fam\u00edlia, governo prepara novo programa que promete mudar a vida dos brasileiros"},"content":{"rendered":"\n<p>O governo federal lan\u00e7ar\u00e1 neste s\u00e1bado (8) o&nbsp;<strong>programa \u201cGoverno na Rua\u201d<\/strong>, uma nova iniciativa que busca&nbsp;<strong>aproximar o Executivo das comunidades locais e ouvir diretamente as demandas da popula\u00e7\u00e3o<\/strong>. A portaria que institui o programa ser\u00e1 assinada pelo ministro da Secretaria-Geral da Presid\u00eancia da Rep\u00fablica,&nbsp;<strong>Guilherme Boulos<\/strong>, durante cerim\u00f4nia no&nbsp;<strong>Cap\u00e3o Redondo<\/strong>, zona sul de S\u00e3o Paulo \u2014 uma das regi\u00f5es mais populosas e simb\u00f3licas da periferia paulistana.<\/p>\n\n\n\n<p>A a\u00e7\u00e3o \u00e9 considerada&nbsp;<strong>um novo eixo social da gest\u00e3o do presidente Luiz In\u00e1cio Lula da Silva<\/strong>, com foco em&nbsp;<strong>fortalecer o di\u00e1logo entre o governo e os cidad\u00e3os<\/strong>. A proposta prev\u00ea&nbsp;<strong>reuni\u00f5es e encontros em \u00e1reas perif\u00e9ricas de grandes cidades em todo o pa\u00eds<\/strong>, reunindo trabalhadores informais, lideran\u00e7as comunit\u00e1rias, representantes de movimentos sociais e gestores p\u00fablicos.<\/p>\n\n\n\n<p>De acordo com Boulos,&nbsp;<strong>a miss\u00e3o do programa \u00e9 levar o governo para as ruas<\/strong>, ouvindo de perto as principais necessidades da popula\u00e7\u00e3o e debatendo solu\u00e7\u00f5es conjuntas. \u201cMinha principal miss\u00e3o ser\u00e1 ajudar a colocar o governo na rua, levando as realiza\u00e7\u00f5es e ouvindo as demandas populares em todos os estados do Brasil\u201d, afirmou o ministro em suas redes sociais.<\/p>\n\n\n\n<h3 class=\"wp-block-heading\">Encontros com foco em escuta e constru\u00e7\u00e3o coletiva<\/h3>\n\n\n\n<p>O&nbsp;<strong>\u201cGoverno na Rua\u201d<\/strong>&nbsp;ser\u00e1 um&nbsp;<strong>instrumento permanente de escuta popular<\/strong>, com eventos regulares em capitais e regi\u00f5es metropolitanas. Nessas reuni\u00f5es, os ministros e representantes do Executivo&nbsp;<strong>apresentar\u00e3o pol\u00edticas p\u00fablicas em andamento e recolher\u00e3o sugest\u00f5es e cr\u00edticas<\/strong>&nbsp;da sociedade.<\/p>\n\n\n\n<p>A primeira edi\u00e7\u00e3o acontece&nbsp;<strong>neste s\u00e1bado (8), \u00e0s 14h, no Morro da Lua (Rua Alexandre Bening, 685, S\u00e3o Paulo)<\/strong>, com a presen\u00e7a de entregadores de aplicativo, catadores de material recicl\u00e1vel e lideran\u00e7as de movimentos de moradia.<\/p>\n\n\n\n<p>Segundo o Minist\u00e9rio da Secretaria-Geral, o objetivo \u00e9&nbsp;<strong>construir pol\u00edticas mais eficientes a partir das vozes de quem vive os problemas de perto<\/strong>, em especial nas periferias urbanas, onde a desigualdade e a falta de infraestrutura ainda s\u00e3o desafios di\u00e1rios.<\/p>\n\n\n\n<h3 class=\"wp-block-heading\">Papel estrat\u00e9gico de Boulos<\/h3>\n\n\n\n<p>A nomea\u00e7\u00e3o de&nbsp;<strong>Guilherme Boulos<\/strong>&nbsp;para o comando da Secretaria-Geral da Presid\u00eancia teve, entre suas metas,&nbsp;<strong>refor\u00e7ar a conex\u00e3o do governo Lula com sua base social<\/strong>. Reconhecido por sua trajet\u00f3ria no movimento de moradia e no ativismo urbano, o ministro tem agora a miss\u00e3o de&nbsp;<strong>articular o di\u00e1logo entre o Planalto e os movimentos sociais<\/strong>, aproximando o governo da sociedade civil.<\/p>\n\n\n\n<p>Com o \u201cGoverno na Rua\u201d, Boulos pretende&nbsp;<strong>construir pontes entre Bras\u00edlia e o cotidiano das comunidades<\/strong>, levando as demandas diretamente ao presidente e \u00e0s pastas respons\u00e1veis.<\/p>\n\n\n\n<p>A expectativa do Planalto \u00e9 que o programa&nbsp;<strong>ajude a orientar novas pol\u00edticas p\u00fablicas e fortalecer a presen\u00e7a do governo federal nos territ\u00f3rios<\/strong>, especialmente entre as popula\u00e7\u00f5es mais vulner\u00e1veis \u2014 com potencial de&nbsp;<strong>impactar diretamente a vida de milh\u00f5es de brasileiros<\/strong>.<\/p>\n","protected":false},"excerpt":{"rendered":"<p>O governo federal lan\u00e7ar\u00e1 neste s\u00e1bado (8) o&nbsp;programa \u201cGoverno na Rua\u201d, uma nova iniciativa que busca&nbsp;aproximar o Executivo das comunidades locais e ouvir diretamente as demandas da popula\u00e7\u00e3o. A portaria que institui o programa ser\u00e1 assinada pelo ministro da Secretaria-Geral da Presid\u00eancia da Rep\u00fablica,&nbsp;Guilherme Boulos, durante cerim\u00f4nia no&nbsp;Cap\u00e3o Redondo, zona sul de S\u00e3o Paulo \u2014 [&hellip;]<\/p>\n","protected":false},"author":9,"featured_media":23426,"comment_status":"closed","ping_status":"closed","sticky":false,"template":"","format":"standard","meta":{"jnews-multi-image_gallery":[],"jnews_single_post":{"format":"standard"},"jnews_primary_category":[],"jnews_social_meta":[],"jnews_override_counter":[],"jnews_post_split":[],"footnotes":""},"categories":[1],"tags":[],"class_list":["post-25229","post","type-post","status-publish","format-standard","has-post-thumbnail","hentry","category-geral"],"_referencia":"","_links":{"self":[{"href":"https:\/\/diariodocomercio.com.br\/mix\/wp-json\/wp\/v2\/posts\/25229","targetHints":{"allow":["GET"]}}],"collection":[{"href":"https:\/\/diariodocomercio.com.br\/mix\/wp-json\/wp\/v2\/posts"}],"about":[{"href":"https:\/\/diariodocomercio.com.br\/mix\/wp-json\/wp\/v2\/types\/post"}],"author":[{"embeddable":true,"href":"https:\/\/diariodocomercio.com.br\/mix\/wp-json\/wp\/v2\/users\/9"}],"replies":[{"embeddable":true,"href":"https:\/\/diariodocomercio.com.br\/mix\/wp-json\/wp\/v2\/comments?post=25229"}],"version-history":[{"count":3,"href":"https:\/\/diariodocomercio.com.br\/mix\/wp-json\/wp\/v2\/posts\/25229\/revisions"}],"predecessor-version":[{"id":25236,"href":"https:\/\/diariodocomercio.com.br\/mix\/wp-json\/wp\/v2\/posts\/25229\/revisions\/25236"}],"wp:featuredmedia":[{"embeddable":true,"href":"https:\/\/diariodocomercio.com.br\/mix\/wp-json\/wp\/v2\/media\/23426"}],"wp:attachment":[{"href":"https:\/\/diariodocomercio.com.br\/mix\/wp-json\/wp\/v2\/media?parent=25229"}],"wp:term":[{"taxonomy":"category","embeddable":true,"href":"https:\/\/diariodocomercio.com.br\/mix\/wp-json\/wp\/v2\/categories?post=25229"},{"taxonomy":"post_tag","embeddable":true,"href":"https:\/\/diariodocomercio.com.br\/mix\/wp-json\/wp\/v2\/tags?post=25229"}],"curies":[{"name":"wp","href":"https:\/\/api.w.org\/{rel}","templated":true}]}}