{"id":25237,"date":"2025-11-07T20:17:09","date_gmt":"2025-11-07T23:17:09","guid":{"rendered":"https:\/\/diariodocomercio.com.br\/mix\/?p=25237"},"modified":"2025-11-07T20:17:11","modified_gmt":"2025-11-07T23:17:11","slug":"a-partir-de-2026-conta-de-luz-dos-brasileiros-pode-passar-pela-maior-mudanca-da-historia","status":"publish","type":"post","link":"https:\/\/diariodocomercio.com.br\/mix\/a-partir-de-2026-conta-de-luz-dos-brasileiros-pode-passar-pela-maior-mudanca-da-historia\/","title":{"rendered":"A partir de 2026, conta de luz dos brasileiros pode passar pela maior mudan\u00e7a da hist\u00f3ria"},"content":{"rendered":"\n<p>A&nbsp;<strong>Ag\u00eancia Nacional de Energia El\u00e9trica (ANEEL)<\/strong>&nbsp;deu in\u00edcio a estudos que podem levar \u00e0&nbsp;<strong>maior mudan\u00e7a no modelo de cobran\u00e7a de energia el\u00e9trica da hist\u00f3ria<\/strong>. A proposta, ainda em fase inicial, prev\u00ea a cria\u00e7\u00e3o de um sistema chamado&nbsp;<strong>\u201cTarifa Hor\u00e1ria\u201d<\/strong>, que ajustar\u00e1 o pre\u00e7o da energia conforme o hor\u00e1rio em que ela \u00e9 consumida \u2014 e pode come\u00e7ar a ser implementado&nbsp;<strong>a partir de 2026<\/strong>.<\/p>\n\n\n\n<p>De acordo com a ANEEL, a mudan\u00e7a tem como objetivo&nbsp;<strong>modernizar a estrutura tarif\u00e1ria dos consumidores de baixa tens\u00e3o<\/strong>, adequando-a \u00e0 nova realidade do setor el\u00e9trico brasileiro, marcada pelo&nbsp;<strong>crescimento da gera\u00e7\u00e3o solar e e\u00f3lica<\/strong>.<\/p>\n\n\n\n<p>A proposta deve come\u00e7ar com os&nbsp;<strong>consumidores de maior consumo mensal, acima de 1.000 kWh\/m\u00eas<\/strong>, grupo que inclui&nbsp;<strong>resid\u00eancias de grande porte e estabelecimentos comerciais<\/strong>. Essa primeira fase deve atingir cerca de&nbsp;<strong>2,5 milh\u00f5es de unidades consumidoras<\/strong>, respons\u00e1veis por&nbsp;<strong>25% de todo o consumo em baixa tens\u00e3o no pa\u00eds<\/strong>.<\/p>\n\n\n\n<p>Na pr\u00e1tica, a ideia \u00e9 que&nbsp;<strong>quem consumir energia nos hor\u00e1rios mais baratos \u2014 geralmente durante o dia, entre 10h e 14h \u2014 pague menos<\/strong>, enquanto o consumo no hor\u00e1rio de pico (entre 18h e 21h)&nbsp;<strong>ter\u00e1 custo mais alto<\/strong>.<\/p>\n\n\n\n<p>\u201cO pre\u00e7o da energia precisa refletir os per\u00edodos de sobra e escassez. Isso incentiva o uso mais racional e consciente da eletricidade\u201d, informou a ag\u00eancia em nota.<\/p>\n\n\n\n<h3 class=\"wp-block-heading\">Como funcionaria a nova \u201cTarifa Hor\u00e1ria\u201d<\/h3>\n\n\n\n<p>O novo modelo seria uma&nbsp;<strong>evolu\u00e7\u00e3o da atual \u201cTarifa Branca\u201d<\/strong>, que j\u00e1 oferece descontos para quem evita o consumo em hor\u00e1rios de pico, mas que teve&nbsp;<strong>baixa ades\u00e3o entre consumidores residenciais<\/strong>.<br>Com a Tarifa Hor\u00e1ria, a cobran\u00e7a diferenciada se tornaria&nbsp;<strong>autom\u00e1tica<\/strong>&nbsp;para grandes consumidores de baixa tens\u00e3o.<\/p>\n\n\n\n<p>Para isso, ser\u00e1 necess\u00e1ria a&nbsp;<strong>troca dos medidores atuais por modelos inteligentes<\/strong>, capazes de registrar o consumo de energia hora a hora. As distribuidoras de energia ficar\u00e3o respons\u00e1veis pela substitui\u00e7\u00e3o dos equipamentos, dentro de seus planos de moderniza\u00e7\u00e3o.<\/p>\n\n\n\n<h3 class=\"wp-block-heading\">Benef\u00edcios esperados<\/h3>\n\n\n\n<p>A ANEEL avalia que a mudan\u00e7a poder\u00e1&nbsp;<strong>reduzir desperd\u00edcios e custos<\/strong>&nbsp;em todo o sistema el\u00e9trico nacional.<br>Durante o dia, quando h\u00e1 grande oferta de energia solar, o custo de gera\u00e7\u00e3o \u00e9 mais baixo \u2014 mas parte dessa energia limpa acaba sendo desperdi\u00e7ada por falta de demanda. J\u00e1 \u00e0 noite, o uso de usinas t\u00e9rmicas encarece o sistema.<\/p>\n\n\n\n<p>Com a Tarifa Hor\u00e1ria,&nbsp;<strong>o consumidor ter\u00e1 um incentivo econ\u00f4mico para ajustar seus h\u00e1bitos<\/strong>, concentrando atividades como o uso de ar-condicionado, m\u00e1quinas de lavar, bombas de piscina ou carregadores de ve\u00edculos el\u00e9tricos em hor\u00e1rios de menor tarifa.<\/p>\n\n\n\n<p>Segundo a ag\u00eancia, o modelo&nbsp;<strong>ajuda a postergar investimentos em novas usinas e linhas de transmiss\u00e3o<\/strong>, o que, no longo prazo,&nbsp;<strong>beneficia todos os brasileiros com tarifas mais est\u00e1veis e sustent\u00e1veis<\/strong>.<\/p>\n\n\n\n<h3 class=\"wp-block-heading\">Pr\u00f3ximos passos<\/h3>\n\n\n\n<p>A proposta ainda est\u00e1&nbsp;<strong>em estudo e ser\u00e1 submetida a consulta p\u00fablica<\/strong>&nbsp;antes de qualquer decis\u00e3o final. N\u00e3o h\u00e1 data definida para a implementa\u00e7\u00e3o, mas a expectativa \u00e9 de que&nbsp;<strong>a primeira fase possa come\u00e7ar em 2026<\/strong>, caso os testes e regulamenta\u00e7\u00f5es avancem.<\/p>\n\n\n\n<p>At\u00e9 l\u00e1, a ANEEL continuar\u00e1 debatendo o tema com distribuidoras, especialistas e representantes da sociedade civil para&nbsp;<strong>definir como o novo modelo ser\u00e1 aplicado de forma justa e eficiente<\/strong>.<\/p>\n","protected":false},"excerpt":{"rendered":"<p>A&nbsp;Ag\u00eancia Nacional de Energia El\u00e9trica (ANEEL)&nbsp;deu in\u00edcio a estudos que podem levar \u00e0&nbsp;maior mudan\u00e7a no modelo de cobran\u00e7a de energia el\u00e9trica da hist\u00f3ria. A proposta, ainda em fase inicial, prev\u00ea a cria\u00e7\u00e3o de um sistema chamado&nbsp;\u201cTarifa Hor\u00e1ria\u201d, que ajustar\u00e1 o pre\u00e7o da energia conforme o hor\u00e1rio em que ela \u00e9 consumida \u2014 e pode come\u00e7ar [&hellip;]<\/p>\n","protected":false},"author":9,"featured_media":5436,"comment_status":"closed","ping_status":"closed","sticky":false,"template":"","format":"standard","meta":{"jnews-multi-image_gallery":[],"jnews_single_post":{"format":"standard"},"jnews_primary_category":[],"jnews_social_meta":[],"jnews_override_counter":[],"jnews_post_split":[],"footnotes":""},"categories":[1],"tags":[],"class_list":["post-25237","post","type-post","status-publish","format-standard","has-post-thumbnail","hentry","category-geral"],"_referencia":"","_links":{"self":[{"href":"https:\/\/diariodocomercio.com.br\/mix\/wp-json\/wp\/v2\/posts\/25237","targetHints":{"allow":["GET"]}}],"collection":[{"href":"https:\/\/diariodocomercio.com.br\/mix\/wp-json\/wp\/v2\/posts"}],"about":[{"href":"https:\/\/diariodocomercio.com.br\/mix\/wp-json\/wp\/v2\/types\/post"}],"author":[{"embeddable":true,"href":"https:\/\/diariodocomercio.com.br\/mix\/wp-json\/wp\/v2\/users\/9"}],"replies":[{"embeddable":true,"href":"https:\/\/diariodocomercio.com.br\/mix\/wp-json\/wp\/v2\/comments?post=25237"}],"version-history":[{"count":4,"href":"https:\/\/diariodocomercio.com.br\/mix\/wp-json\/wp\/v2\/posts\/25237\/revisions"}],"predecessor-version":[{"id":25241,"href":"https:\/\/diariodocomercio.com.br\/mix\/wp-json\/wp\/v2\/posts\/25237\/revisions\/25241"}],"wp:featuredmedia":[{"embeddable":true,"href":"https:\/\/diariodocomercio.com.br\/mix\/wp-json\/wp\/v2\/media\/5436"}],"wp:attachment":[{"href":"https:\/\/diariodocomercio.com.br\/mix\/wp-json\/wp\/v2\/media?parent=25237"}],"wp:term":[{"taxonomy":"category","embeddable":true,"href":"https:\/\/diariodocomercio.com.br\/mix\/wp-json\/wp\/v2\/categories?post=25237"},{"taxonomy":"post_tag","embeddable":true,"href":"https:\/\/diariodocomercio.com.br\/mix\/wp-json\/wp\/v2\/tags?post=25237"}],"curies":[{"name":"wp","href":"https:\/\/api.w.org\/{rel}","templated":true}]}}