{"id":2572,"date":"2025-02-06T17:27:40","date_gmt":"2025-02-06T20:27:40","guid":{"rendered":"https:\/\/diariodocomercio.com.br\/mix\/?p=2572"},"modified":"2025-02-06T17:27:41","modified_gmt":"2025-02-06T20:27:41","slug":"saiba-ate-quando-vai-o-calor-em-santa-catarina-em-2025","status":"publish","type":"post","link":"https:\/\/diariodocomercio.com.br\/mix\/saiba-ate-quando-vai-o-calor-em-santa-catarina-em-2025\/","title":{"rendered":"Saiba at\u00e9 quando vai o calor em Santa Catarina em 2025"},"content":{"rendered":"\n<p>Nos \u00faltimos dias, os moradores de Santa Catarina est\u00e3o percebendo que o clima est\u00e1 mais quente e o motivo \u00e9 uma onda de calor que atinge a Argentina, refletindo essas temperaturas no estado catarinense. Por causa do calor, esse fen\u00f4meno potencializa a forma\u00e7\u00e3o de temporais, que podem ser fortes e at\u00e9 severos, com risco de danos estruturais.&nbsp;<\/p>\n\n\n\n<p>Nesta quinta-feira (06\/02), o governo de Santa Catarina emitiu uma nota atrav\u00e9s do site oficial, detalhando as altas temperaturas que o estado est\u00e1 passando, principalmente na regi\u00e3o litor\u00e2nea, no qual teve uma varia\u00e7\u00e3o entre 34\u00b0C e 38\u00b0C no Litoral Sul. Segundo os dados meteorol\u00f3gicos divulgados, a regi\u00e3o pode ter uma queda de temperatura, causada pela aproxima\u00e7\u00e3o da frente fria e mudan\u00e7a do quadrante dos ventos, trazendo risco moderado para desidrata\u00e7\u00e3o, insola\u00e7\u00e3o e agravamento de doen\u00e7as cardiorrespirat\u00f3rias.&nbsp;<\/p>\n\n\n\n<h2 class=\"wp-block-heading\">Mais informa\u00e7\u00f5es sobre o onda de calor em Santa Catarina<\/h2>\n\n\n\n<p>Em outras regi\u00f5es, os term\u00f4metros variaram entre 27\u00b0C e 32\u00b0C e todo esse calor foi causado pela combina\u00e7\u00e3o de uma frente fria pela costa que deve contribuir para forma\u00e7\u00e3o de temporais pelo estado, conforme Aviso Meteorol\u00f3gico emitido pela SDC. Segundo as previs\u00f5es, o calor deve continuar e se estender at\u00e9 semana que vem.&nbsp;<\/p>\n\n\n\n<p>Al\u00e9m do estado, o Rio Grande do Sul tamb\u00e9m est\u00e1 sentindo os efeitos do calor excessivo, que vai agravar a estiagem e gerar uma piora na situa\u00e7\u00e3o das lavouras, segundo o Metsul Meteorologia. Os pa\u00edses vizinhos tamb\u00e9m devem sentir uma piora no calor, principalmente em algumas regi\u00f5es uruguaias e argentinas. Apesar dessa onda de calor, vale destacar que as lavouras de Santa Catarina n\u00e3o devem ser atingidas.&nbsp;&nbsp;<\/p>\n","protected":false},"excerpt":{"rendered":"<p>Nos \u00faltimos dias, os moradores de Santa Catarina est\u00e3o percebendo que o clima est\u00e1 mais quente e o motivo \u00e9 uma onda de calor que atinge a Argentina, refletindo essas temperaturas no estado catarinense. Por causa do calor, esse fen\u00f4meno potencializa a forma\u00e7\u00e3o de temporais, que podem ser fortes e at\u00e9 severos, com risco de [&hellip;]<\/p>\n","protected":false},"author":7,"featured_media":2573,"comment_status":"closed","ping_status":"closed","sticky":false,"template":"","format":"standard","meta":{"jnews-multi-image_gallery":[],"jnews_single_post":{"format":"standard"},"jnews_primary_category":[],"jnews_social_meta":[],"jnews_override_counter":[],"jnews_post_split":[],"footnotes":""},"categories":[1],"tags":[],"class_list":["post-2572","post","type-post","status-publish","format-standard","has-post-thumbnail","hentry","category-geral"],"_referencia":"","_links":{"self":[{"href":"https:\/\/diariodocomercio.com.br\/mix\/wp-json\/wp\/v2\/posts\/2572","targetHints":{"allow":["GET"]}}],"collection":[{"href":"https:\/\/diariodocomercio.com.br\/mix\/wp-json\/wp\/v2\/posts"}],"about":[{"href":"https:\/\/diariodocomercio.com.br\/mix\/wp-json\/wp\/v2\/types\/post"}],"author":[{"embeddable":true,"href":"https:\/\/diariodocomercio.com.br\/mix\/wp-json\/wp\/v2\/users\/7"}],"replies":[{"embeddable":true,"href":"https:\/\/diariodocomercio.com.br\/mix\/wp-json\/wp\/v2\/comments?post=2572"}],"version-history":[{"count":1,"href":"https:\/\/diariodocomercio.com.br\/mix\/wp-json\/wp\/v2\/posts\/2572\/revisions"}],"predecessor-version":[{"id":2574,"href":"https:\/\/diariodocomercio.com.br\/mix\/wp-json\/wp\/v2\/posts\/2572\/revisions\/2574"}],"wp:featuredmedia":[{"embeddable":true,"href":"https:\/\/diariodocomercio.com.br\/mix\/wp-json\/wp\/v2\/media\/2573"}],"wp:attachment":[{"href":"https:\/\/diariodocomercio.com.br\/mix\/wp-json\/wp\/v2\/media?parent=2572"}],"wp:term":[{"taxonomy":"category","embeddable":true,"href":"https:\/\/diariodocomercio.com.br\/mix\/wp-json\/wp\/v2\/categories?post=2572"},{"taxonomy":"post_tag","embeddable":true,"href":"https:\/\/diariodocomercio.com.br\/mix\/wp-json\/wp\/v2\/tags?post=2572"}],"curies":[{"name":"wp","href":"https:\/\/api.w.org\/{rel}","templated":true}]}}