{"id":25800,"date":"2025-11-13T12:47:59","date_gmt":"2025-11-13T15:47:59","guid":{"rendered":"https:\/\/diariodocomercio.com.br\/mix\/?p=25800"},"modified":"2025-11-13T12:48:01","modified_gmt":"2025-11-13T15:48:01","slug":"primeiros-numeros-confirmam-lula-esta-na-frente-na-corrida-para-2026","status":"publish","type":"post","link":"https:\/\/diariodocomercio.com.br\/mix\/primeiros-numeros-confirmam-lula-esta-na-frente-na-corrida-para-2026\/","title":{"rendered":"Primeiros n\u00fameros confirmam: Lula est\u00e1 na frente na corrida para 2026"},"content":{"rendered":"\n<p>A mais recente\u00a0<strong>pesquisa Genial\/Quaest<\/strong>, divulgada nesta\u00a0<strong>quinta-feira (13)<\/strong>, mostra que o presidente\u00a0<strong>Luiz In\u00e1cio Lula da Silva (PT)<\/strong>\u00a0segue\u00a0<strong>na lideran\u00e7a em todos os cen\u00e1rios simulados para a elei\u00e7\u00e3o presidencial de 2026<\/strong>. Mesmo assim, os dados indicam\u00a0<strong>redu\u00e7\u00e3o da vantagem<\/strong>\u00a0sobre os principais advers\u00e1rios em compara\u00e7\u00e3o com levantamentos anteriores.<\/p>\n\n\n\n<p>No cen\u00e1rio mais disputado,&nbsp;<strong>Lula aparece com 42% das inten\u00e7\u00f5es de voto<\/strong>, contra&nbsp;<strong>39% de Jair Bolsonaro (PL)<\/strong>&nbsp;\u2014 que atualmente est\u00e1 ineleg\u00edvel. Com&nbsp;<strong>margem de erro de dois pontos percentuais<\/strong>, os dois est\u00e3o tecnicamente empatados.<\/p>\n\n\n\n<p>A pesquisa foi realizada pela&nbsp;<strong>Quaest<\/strong>&nbsp;a pedido da&nbsp;<strong>Genial Investimentos<\/strong>&nbsp;e ouviu&nbsp;<strong>2.004 pessoas com 16 anos ou mais<\/strong>, entre os dias&nbsp;<strong>6 e 9 de novembro<\/strong>.<\/p>\n\n\n\n<h2 class=\"wp-block-heading\"><strong>Desempenho diante de outros poss\u00edveis candidatos<\/strong><\/h2>\n\n\n\n<p>Al\u00e9m do ex-presidente Bolsonaro, o levantamento testou&nbsp;<strong>dez cen\u00e1rios de segundo turno<\/strong>, nos quais&nbsp;<strong>Lula vence todos os advers\u00e1rios simulados<\/strong>. As diferen\u00e7as variam entre 5 e 17 pontos percentuais. Veja os principais resultados:<\/p>\n\n\n\n<ul class=\"wp-block-list\">\n<li><strong>Ciro Gomes (PSDB)<\/strong>\u00a0\u2013 Lula vence por\u00a0<strong>5 pontos<\/strong>;<\/li>\n\n\n\n<li><strong>Tarc\u00edsio de Freitas (Republicanos)<\/strong>\u00a0\u2013 vantagem de\u00a0<strong>5 pontos<\/strong>;<\/li>\n\n\n\n<li><strong>Ratinho J\u00fanior (PSD)<\/strong>\u00a0\u2013 vantagem de\u00a0<strong>5 pontos<\/strong>;<\/li>\n\n\n\n<li><strong>Romeu Zema (Novo)<\/strong>\u00a0\u2013 vantagem de\u00a0<strong>7 pontos<\/strong>;<\/li>\n\n\n\n<li><strong>Ronaldo Caiado (Uni\u00e3o Brasil)<\/strong>\u00a0\u2013 vantagem de\u00a0<strong>7 pontos<\/strong>;<\/li>\n\n\n\n<li><strong>Michelle Bolsonaro (PL)<\/strong>\u00a0\u2013 vantagem de\u00a0<strong>9 pontos<\/strong>;<\/li>\n\n\n\n<li><strong>Eduardo Bolsonaro (PL)<\/strong>\u00a0\u2013 vantagem de\u00a0<strong>10 pontos<\/strong>;<\/li>\n\n\n\n<li><strong>Eduardo Leite (PSD)<\/strong>\u00a0\u2013 vantagem de\u00a0<strong>13 pontos<\/strong>;<\/li>\n\n\n\n<li><strong>Renan Santos (Miss\u00e3o)<\/strong>\u00a0\u2013 vantagem de\u00a0<strong>17 pontos<\/strong>.<\/li>\n<\/ul>\n\n\n\n<p>Apesar da lideran\u00e7a, a&nbsp;<strong>vantagem de Lula diminuiu<\/strong>&nbsp;em rela\u00e7\u00e3o a nomes como&nbsp;<strong>Tarc\u00edsio, Zema, Caiado e Eduardo Bolsonaro<\/strong>. A diferen\u00e7a frente a&nbsp;<strong>Ciro Gomes<\/strong>&nbsp;e&nbsp;<strong>Michelle Bolsonaro<\/strong>&nbsp;oscilou dentro da margem de erro. J\u00e1&nbsp;<strong>Renan Santos<\/strong>aparece pela primeira vez na sondagem.<\/p>\n\n\n\n<h2 class=\"wp-block-heading\"><strong>Eleitores divididos <\/strong><\/h2>\n\n\n\n<p>O levantamento tamb\u00e9m revelou que&nbsp;<strong>59% dos entrevistados acreditam que Lula n\u00e3o deveria concorrer \u00e0 reelei\u00e7\u00e3o<\/strong>, enquanto&nbsp;<strong>38% defendem sua candidatura<\/strong>.<\/p>\n\n\n\n<p>Em rela\u00e7\u00e3o a&nbsp;<strong>Jair Bolsonaro<\/strong>,&nbsp;<strong>67%<\/strong>&nbsp;afirmam que ele&nbsp;<strong>deveria apoiar outro nome<\/strong>&nbsp;em 2026, e&nbsp;<strong>26%<\/strong>&nbsp;dizem que&nbsp;<strong>ele deveria manter a inten\u00e7\u00e3o de disputar<\/strong>.<\/p>\n\n\n\n<p>Quando questionados sobre&nbsp;<strong>qual seria o melhor resultado para o pa\u00eds<\/strong>,&nbsp;<strong>24%<\/strong>&nbsp;responderam que preferem&nbsp;<strong>um nome fora dos grupos de Lula e Bolsonaro<\/strong>,&nbsp;<strong>23%<\/strong>&nbsp;apontaram a&nbsp;<strong>reelei\u00e7\u00e3o de Lula<\/strong>,&nbsp;<strong>17%<\/strong>&nbsp;disseram preferir&nbsp;<strong>algu\u00e9m fora da pol\u00edtica<\/strong>, e&nbsp;<strong>15%<\/strong>&nbsp;defenderam que&nbsp;<strong>Bolsonaro volte a ser eleg\u00edvel e ven\u00e7a<\/strong>.<\/p>\n\n\n\n<h2 class=\"wp-block-heading\"><strong>Avalia\u00e7\u00e3o preliminar aponta cen\u00e1rio aberto<\/strong><\/h2>\n\n\n\n<p>Com a elei\u00e7\u00e3o ainda a um ano de dist\u00e2ncia, o cen\u00e1rio de 2026 se mostra&nbsp;<strong>polarizado, mas mais competitivo<\/strong>. Embora&nbsp;<strong>Lula mantenha a lideran\u00e7a<\/strong>, o avan\u00e7o de&nbsp;<strong>advers\u00e1rios ligados \u00e0 direita e ao centro<\/strong>&nbsp;indica&nbsp;<strong>maior equil\u00edbrio<\/strong>&nbsp;na disputa presidencial.<\/p>\n\n\n\n<p>A&nbsp;<strong>pesquisa Genial\/Quaest<\/strong>&nbsp;refor\u00e7a a tend\u00eancia de que o&nbsp;<strong>eleitorado busca alternativas<\/strong>&nbsp;fora da polariza\u00e7\u00e3o tradicional, sinalizando um&nbsp;<strong>ambiente pol\u00edtico mais incerto e desafiador<\/strong>&nbsp;para todos os candidatos.<\/p>\n","protected":false},"excerpt":{"rendered":"<p>A mais recente\u00a0pesquisa Genial\/Quaest, divulgada nesta\u00a0quinta-feira (13), mostra que o presidente\u00a0Luiz In\u00e1cio Lula da Silva (PT)\u00a0segue\u00a0na lideran\u00e7a em todos os cen\u00e1rios simulados para a elei\u00e7\u00e3o presidencial de 2026. Mesmo assim, os dados indicam\u00a0redu\u00e7\u00e3o da vantagem\u00a0sobre os principais advers\u00e1rios em compara\u00e7\u00e3o com levantamentos anteriores. No cen\u00e1rio mais disputado,&nbsp;Lula aparece com 42% das inten\u00e7\u00f5es de voto, contra&nbsp;39% [&hellip;]<\/p>\n","protected":false},"author":9,"featured_media":24118,"comment_status":"closed","ping_status":"closed","sticky":false,"template":"","format":"standard","meta":{"jnews-multi-image_gallery":[],"jnews_single_post":{"format":"standard"},"jnews_primary_category":[],"jnews_social_meta":[],"jnews_override_counter":[],"jnews_post_split":[],"footnotes":""},"categories":[1],"tags":[],"class_list":["post-25800","post","type-post","status-publish","format-standard","has-post-thumbnail","hentry","category-geral"],"_referencia":"","_links":{"self":[{"href":"https:\/\/diariodocomercio.com.br\/mix\/wp-json\/wp\/v2\/posts\/25800","targetHints":{"allow":["GET"]}}],"collection":[{"href":"https:\/\/diariodocomercio.com.br\/mix\/wp-json\/wp\/v2\/posts"}],"about":[{"href":"https:\/\/diariodocomercio.com.br\/mix\/wp-json\/wp\/v2\/types\/post"}],"author":[{"embeddable":true,"href":"https:\/\/diariodocomercio.com.br\/mix\/wp-json\/wp\/v2\/users\/9"}],"replies":[{"embeddable":true,"href":"https:\/\/diariodocomercio.com.br\/mix\/wp-json\/wp\/v2\/comments?post=25800"}],"version-history":[{"count":1,"href":"https:\/\/diariodocomercio.com.br\/mix\/wp-json\/wp\/v2\/posts\/25800\/revisions"}],"predecessor-version":[{"id":25801,"href":"https:\/\/diariodocomercio.com.br\/mix\/wp-json\/wp\/v2\/posts\/25800\/revisions\/25801"}],"wp:featuredmedia":[{"embeddable":true,"href":"https:\/\/diariodocomercio.com.br\/mix\/wp-json\/wp\/v2\/media\/24118"}],"wp:attachment":[{"href":"https:\/\/diariodocomercio.com.br\/mix\/wp-json\/wp\/v2\/media?parent=25800"}],"wp:term":[{"taxonomy":"category","embeddable":true,"href":"https:\/\/diariodocomercio.com.br\/mix\/wp-json\/wp\/v2\/categories?post=25800"},{"taxonomy":"post_tag","embeddable":true,"href":"https:\/\/diariodocomercio.com.br\/mix\/wp-json\/wp\/v2\/tags?post=25800"}],"curies":[{"name":"wp","href":"https:\/\/api.w.org\/{rel}","templated":true}]}}