{"id":2581,"date":"2025-02-06T18:34:45","date_gmt":"2025-02-06T21:34:45","guid":{"rendered":"https:\/\/diariodocomercio.com.br\/mix\/?p=2581"},"modified":"2025-02-06T18:34:46","modified_gmt":"2025-02-06T21:34:46","slug":"conheca-a-cidade-que-proibe-que-os-moradores-fiquem-doentes","status":"publish","type":"post","link":"https:\/\/diariodocomercio.com.br\/mix\/conheca-a-cidade-que-proibe-que-os-moradores-fiquem-doentes\/","title":{"rendered":"Conhe\u00e7a a cidade que pro\u00edbe que os moradores fiquem doentes"},"content":{"rendered":"\n<p>Existem diversas regras para que as pessoas vivam em civiliza\u00e7\u00e3o, pensando principalmente em organiza\u00e7\u00f5es sociais. Mas, algo curioso ocorre em Belcastro, uma comuna italiana que est\u00e1 chamando aten\u00e7\u00e3o do mundo por ter publicado uma portaria que pro\u00edbe a sua popula\u00e7\u00e3o de ficar doente, sofrer acidentes ou mesmo sair de casa. Dentro dessas normas, a inten\u00e7\u00e3o \u00e9 de que as pessoas n\u00e3o tentem fazer nada que coloquem sua sa\u00fade em risco.&nbsp;<\/p>\n\n\n\n<p>Apesar disso, essa a\u00e7\u00e3o foi ir\u00f4nica, em uma tentativa provinciana e desesperada do governo diante dos problemas no setor de sa\u00fade que a vila est\u00e1 passando. Em uma entrevista \u00e0 rede BBC, o prefeito local Antonio Torchia, afirmou que \u00e9 \u201cobviamente uma provoca\u00e7\u00e3o humor\u00edstica\u201d, para chamar a aten\u00e7\u00e3o sobre os descasos que os cidad\u00e3os est\u00e3o passando. Desde de junho, Torchia aguarda, sem sucesso, \u00e0s autoridades sanit\u00e1rias regionais ajuda para lidar com as defici\u00eancias locais do sistema de sa\u00fade em Belcastro.<\/p>\n\n\n\n<h2 class=\"wp-block-heading\">Mais informa\u00e7\u00f5es sobre a situa\u00e7\u00e3o de Belcastro, na It\u00e1lia<\/h2>\n\n\n\n<p>Ao site italiano Notizie.it, Antonio Torchia tamb\u00e9m se manifestou e falou sobre a situa\u00e7\u00e3o prec\u00e1ria que a vila est\u00e1 passando: <em>\u201c\u00c9 inadmiss\u00edvel que se ignore um direito consagrado na Constitui\u00e7\u00e3o\u201d, <\/em>disse. <em>\u201cA falta de um servi\u00e7o de emerg\u00eancia m\u00e9dica n\u00e3o \u00e9 apenas um problema local, tamb\u00e9m se trata de um problema de sa\u00fade p\u00fablica que requer interven\u00e7\u00e3o imediata das autoridades competentes\u201d.<\/em><\/p>\n\n\n\n<p>Na regi\u00e3o, vivem muitos idosos e metade dos 1.200 habitantes tem mais de 65 anos, um grupo vulner\u00e1vel que precisa de emerg\u00eancias m\u00e9dicas. Apesar disso, vale ressaltar que o hospital mais pr\u00f3ximo da vila fica a 45 km de dist\u00e2ncia, sendo acess\u00edvel apenas por uma estrada com limite de velocidade de 30 km\/h.<\/p>\n","protected":false},"excerpt":{"rendered":"<p>Existem diversas regras para que as pessoas vivam em civiliza\u00e7\u00e3o, pensando principalmente em organiza\u00e7\u00f5es sociais. Mas, algo curioso ocorre em Belcastro, uma comuna italiana que est\u00e1 chamando aten\u00e7\u00e3o do mundo por ter publicado uma portaria que pro\u00edbe a sua popula\u00e7\u00e3o de ficar doente, sofrer acidentes ou mesmo sair de casa. Dentro dessas normas, a inten\u00e7\u00e3o [&hellip;]<\/p>\n","protected":false},"author":7,"featured_media":2582,"comment_status":"closed","ping_status":"closed","sticky":false,"template":"","format":"standard","meta":{"jnews-multi-image_gallery":[],"jnews_single_post":{"format":"standard"},"jnews_primary_category":[],"jnews_social_meta":[],"jnews_override_counter":[],"jnews_post_split":[],"footnotes":""},"categories":[1],"tags":[],"class_list":["post-2581","post","type-post","status-publish","format-standard","has-post-thumbnail","hentry","category-geral"],"_referencia":"","_links":{"self":[{"href":"https:\/\/diariodocomercio.com.br\/mix\/wp-json\/wp\/v2\/posts\/2581","targetHints":{"allow":["GET"]}}],"collection":[{"href":"https:\/\/diariodocomercio.com.br\/mix\/wp-json\/wp\/v2\/posts"}],"about":[{"href":"https:\/\/diariodocomercio.com.br\/mix\/wp-json\/wp\/v2\/types\/post"}],"author":[{"embeddable":true,"href":"https:\/\/diariodocomercio.com.br\/mix\/wp-json\/wp\/v2\/users\/7"}],"replies":[{"embeddable":true,"href":"https:\/\/diariodocomercio.com.br\/mix\/wp-json\/wp\/v2\/comments?post=2581"}],"version-history":[{"count":1,"href":"https:\/\/diariodocomercio.com.br\/mix\/wp-json\/wp\/v2\/posts\/2581\/revisions"}],"predecessor-version":[{"id":2583,"href":"https:\/\/diariodocomercio.com.br\/mix\/wp-json\/wp\/v2\/posts\/2581\/revisions\/2583"}],"wp:featuredmedia":[{"embeddable":true,"href":"https:\/\/diariodocomercio.com.br\/mix\/wp-json\/wp\/v2\/media\/2582"}],"wp:attachment":[{"href":"https:\/\/diariodocomercio.com.br\/mix\/wp-json\/wp\/v2\/media?parent=2581"}],"wp:term":[{"taxonomy":"category","embeddable":true,"href":"https:\/\/diariodocomercio.com.br\/mix\/wp-json\/wp\/v2\/categories?post=2581"},{"taxonomy":"post_tag","embeddable":true,"href":"https:\/\/diariodocomercio.com.br\/mix\/wp-json\/wp\/v2\/tags?post=2581"}],"curies":[{"name":"wp","href":"https:\/\/api.w.org\/{rel}","templated":true}]}}