{"id":2584,"date":"2025-02-06T18:50:08","date_gmt":"2025-02-06T21:50:08","guid":{"rendered":"https:\/\/diariodocomercio.com.br\/mix\/?p=2584"},"modified":"2025-02-06T18:50:09","modified_gmt":"2025-02-06T21:50:09","slug":"este-estado-tera-as-maiores-temperaturas-no-brasil-neste-fim-de-semana","status":"publish","type":"post","link":"https:\/\/diariodocomercio.com.br\/mix\/este-estado-tera-as-maiores-temperaturas-no-brasil-neste-fim-de-semana\/","title":{"rendered":"Este estado ter\u00e1 as maiores temperaturas no Brasil neste fim de semana"},"content":{"rendered":"\n<p>Nesta quinta-feira (06\/02), o Instituto Nacional de Meteorologia (Inmet) emitiu um alerta sobre uma onda de calor que vai passar pelo leste do Rio Grande do Sul e de Santa Catarina nos pr\u00f3ximos dias. No entanto, praticamente todo o territ\u00f3rio ga\u00facho est\u00e1 sendo atingido pelas altas temperaturas e, segundo o \u00f3rg\u00e3o, o alerta est\u00e1 vigente entre os dias 5 a 10 de fevereiro.&nbsp;<\/p>\n\n\n\n<p>Segundo o Inmet, os pr\u00f3ximos cinco dias ter\u00e3o temperaturas 5\u00baC acima da m\u00e9dia e o alerta serve para que as pessoas se atentem sobre a exposi\u00e7\u00e3o, <em>\u201ccom riscos para a integridade f\u00edsica ou mesmo \u00e0 vida&#8221;. <\/em>No pr\u00f3ximo s\u00e1bado (08), a partir das 11h come\u00e7ar\u00e1 o pico mais forte de calor, que vai se estender at\u00e9 segunda-feira (10), com fim \u00e0s 16h, mas tem chances de durar at\u00e9 quinta-feira (13).<\/p>\n\n\n\n<h2 class=\"wp-block-heading\">Mais detalhes sobre a onda de calor no Rio Grande do Sul<\/h2>\n\n\n\n<p>De acordo com o Inmet, o alerta \u00e9 para todo o estado, mas existem algumas regi\u00f5es que se destacam entre Santa Catarina e Rio Grande do Sul, sendo: Grande Florian\u00f3polis, Regi\u00e3o Metropolitana de Porto Alegre, sul catarinense, sudeste rio-grandense, Vale do Itaja\u00ed, nordeste rio-grandense e o norte catarinense.<\/p>\n\n\n\n<p>O que explica esse calor acima da m\u00e9dia \u00e9 o uma massa de ar quente que est\u00e1 sobre a Argentina, favorecendo a eleva\u00e7\u00e3o das temperaturas no RS, explica o Climatempo. Para se ter uma no\u00e7\u00e3o, at\u00e9 sexta-feira (7), temperaturas poder\u00e3o ser superiores a 40\u00b0C em algumas regi\u00f5es ga\u00fachas. Essa \u00e9 a segunda onda de calor de 2025. Apesar dessas altas temperaturas, essa \u00e9 a segunda onda, pois a primeira ocorreu entre os dias 15 e 19 de janeiro.<\/p>\n","protected":false},"excerpt":{"rendered":"<p>Nesta quinta-feira (06\/02), o Instituto Nacional de Meteorologia (Inmet) emitiu um alerta sobre uma onda de calor que vai passar pelo leste do Rio Grande do Sul e de Santa Catarina nos pr\u00f3ximos dias. No entanto, praticamente todo o territ\u00f3rio ga\u00facho est\u00e1 sendo atingido pelas altas temperaturas e, segundo o \u00f3rg\u00e3o, o alerta est\u00e1 vigente [&hellip;]<\/p>\n","protected":false},"author":7,"featured_media":2585,"comment_status":"closed","ping_status":"closed","sticky":false,"template":"","format":"standard","meta":{"jnews-multi-image_gallery":[],"jnews_single_post":{"format":"standard"},"jnews_primary_category":[],"jnews_social_meta":[],"jnews_override_counter":[],"jnews_post_split":[],"footnotes":""},"categories":[1],"tags":[],"class_list":["post-2584","post","type-post","status-publish","format-standard","has-post-thumbnail","hentry","category-geral"],"_referencia":"","_links":{"self":[{"href":"https:\/\/diariodocomercio.com.br\/mix\/wp-json\/wp\/v2\/posts\/2584","targetHints":{"allow":["GET"]}}],"collection":[{"href":"https:\/\/diariodocomercio.com.br\/mix\/wp-json\/wp\/v2\/posts"}],"about":[{"href":"https:\/\/diariodocomercio.com.br\/mix\/wp-json\/wp\/v2\/types\/post"}],"author":[{"embeddable":true,"href":"https:\/\/diariodocomercio.com.br\/mix\/wp-json\/wp\/v2\/users\/7"}],"replies":[{"embeddable":true,"href":"https:\/\/diariodocomercio.com.br\/mix\/wp-json\/wp\/v2\/comments?post=2584"}],"version-history":[{"count":1,"href":"https:\/\/diariodocomercio.com.br\/mix\/wp-json\/wp\/v2\/posts\/2584\/revisions"}],"predecessor-version":[{"id":2586,"href":"https:\/\/diariodocomercio.com.br\/mix\/wp-json\/wp\/v2\/posts\/2584\/revisions\/2586"}],"wp:featuredmedia":[{"embeddable":true,"href":"https:\/\/diariodocomercio.com.br\/mix\/wp-json\/wp\/v2\/media\/2585"}],"wp:attachment":[{"href":"https:\/\/diariodocomercio.com.br\/mix\/wp-json\/wp\/v2\/media?parent=2584"}],"wp:term":[{"taxonomy":"category","embeddable":true,"href":"https:\/\/diariodocomercio.com.br\/mix\/wp-json\/wp\/v2\/categories?post=2584"},{"taxonomy":"post_tag","embeddable":true,"href":"https:\/\/diariodocomercio.com.br\/mix\/wp-json\/wp\/v2\/tags?post=2584"}],"curies":[{"name":"wp","href":"https:\/\/api.w.org\/{rel}","templated":true}]}}