{"id":2592,"date":"2025-02-06T19:13:44","date_gmt":"2025-02-06T22:13:44","guid":{"rendered":"https:\/\/diariodocomercio.com.br\/mix\/?p=2592"},"modified":"2025-02-06T19:13:45","modified_gmt":"2025-02-06T22:13:45","slug":"auxilio-gas-fevereiro-de-2025-valor-data-e-quem-tem-direito","status":"publish","type":"post","link":"https:\/\/diariodocomercio.com.br\/mix\/auxilio-gas-fevereiro-de-2025-valor-data-e-quem-tem-direito\/","title":{"rendered":"Aux\u00edlio G\u00e1s fevereiro de 2025: valor, data e quem tem direito"},"content":{"rendered":"\n<p>O governo federal confirmou algumas informa\u00e7\u00f5es relevantes para a popula\u00e7\u00e3o, revelando que o Bolsa Fam\u00edlia n\u00e3o ter\u00e1 reajuste e continuar\u00e1 no mesmo valor de 2023, oferecendo o benef\u00edcio de R$ 600 durante todo o ano de 2025. Al\u00e9m do programa social, tamb\u00e9m seguir\u00e1 pagando os adicionais, inclusive o Aux\u00edlio G\u00e1s, que ajuda aproximadamente 5,5 milh\u00f5es de fam\u00edlias, com um valor m\u00e9dio de R$ 104, que ser\u00e1 pago a partir deste m\u00eas de fevereiro.&nbsp;<\/p>\n\n\n\n<p>Apesar disso, \u00e9 importante ressaltar que nem todos os benefici\u00e1rios do Bolsa Fam\u00edlia recebem o Aux\u00edlio G\u00e1s, pois quem seleciona automaticamente \u00e9 o Minist\u00e9rio do Desenvolvimento Social, com base nos dados do Cadastro \u00danico. Para continuar os benef\u00edcios, o governo federal destinou R$ 167,2 bilh\u00f5es para o Bolsa Fam\u00edlia neste ano e atender\u00e1 21 milh\u00f5es de fam\u00edlias.\u00a0Ao comparar os n\u00fameros com 2024, houve uma redu\u00e7\u00e3o de R$ 1,4 bilh\u00e3o, por\u00e9m, o governo garantiu que n\u00e3o haver\u00e1 cortes nos pagamentos aos benefici\u00e1rios.<\/p>\n\n\n\n<h2 class=\"wp-block-heading\">Mais informa\u00e7\u00f5es sobre o Aux\u00edlio G\u00e1s<\/h2>\n\n\n\n<p>O Aux\u00edlio G\u00e1s \u00e9 pago a cada dois meses, sendo destinados para fam\u00edlias de baixa renda registradas no Cadastro \u00danico. Para saber se tem direito ao benef\u00edcio, \u00e9 necess\u00e1rio acessar o aplicativo Caixa Tem ou entrar em contato com o CRAS (Centro de Refer\u00eancia da Assist\u00eancia Social) da sua regi\u00e3o.&nbsp;<\/p>\n\n\n\n<p>O primeiro pagamento ser\u00e1 feito neste m\u00eas de fevereiro, no valor de R$ 104, que serve como base sobre o pre\u00e7o nacional do botij\u00e3o de g\u00e1s de 13 kg. Apesar disso, em algumas regi\u00f5es, o g\u00e1s \u00e9 mais barato, enquanto outras \u00e9 mais cara.&nbsp;<\/p>\n","protected":false},"excerpt":{"rendered":"<p>O governo federal confirmou algumas informa\u00e7\u00f5es relevantes para a popula\u00e7\u00e3o, revelando que o Bolsa Fam\u00edlia n\u00e3o ter\u00e1 reajuste e continuar\u00e1 no mesmo valor de 2023, oferecendo o benef\u00edcio de R$ 600 durante todo o ano de 2025. Al\u00e9m do programa social, tamb\u00e9m seguir\u00e1 pagando os adicionais, inclusive o Aux\u00edlio G\u00e1s, que ajuda aproximadamente 5,5 milh\u00f5es [&hellip;]<\/p>\n","protected":false},"author":7,"featured_media":2593,"comment_status":"closed","ping_status":"closed","sticky":false,"template":"","format":"standard","meta":{"jnews-multi-image_gallery":[],"jnews_single_post":{"format":"standard"},"jnews_primary_category":[],"jnews_social_meta":[],"jnews_override_counter":[],"jnews_post_split":[],"footnotes":""},"categories":[1],"tags":[],"class_list":["post-2592","post","type-post","status-publish","format-standard","has-post-thumbnail","hentry","category-geral"],"_referencia":"","_links":{"self":[{"href":"https:\/\/diariodocomercio.com.br\/mix\/wp-json\/wp\/v2\/posts\/2592","targetHints":{"allow":["GET"]}}],"collection":[{"href":"https:\/\/diariodocomercio.com.br\/mix\/wp-json\/wp\/v2\/posts"}],"about":[{"href":"https:\/\/diariodocomercio.com.br\/mix\/wp-json\/wp\/v2\/types\/post"}],"author":[{"embeddable":true,"href":"https:\/\/diariodocomercio.com.br\/mix\/wp-json\/wp\/v2\/users\/7"}],"replies":[{"embeddable":true,"href":"https:\/\/diariodocomercio.com.br\/mix\/wp-json\/wp\/v2\/comments?post=2592"}],"version-history":[{"count":1,"href":"https:\/\/diariodocomercio.com.br\/mix\/wp-json\/wp\/v2\/posts\/2592\/revisions"}],"predecessor-version":[{"id":2594,"href":"https:\/\/diariodocomercio.com.br\/mix\/wp-json\/wp\/v2\/posts\/2592\/revisions\/2594"}],"wp:featuredmedia":[{"embeddable":true,"href":"https:\/\/diariodocomercio.com.br\/mix\/wp-json\/wp\/v2\/media\/2593"}],"wp:attachment":[{"href":"https:\/\/diariodocomercio.com.br\/mix\/wp-json\/wp\/v2\/media?parent=2592"}],"wp:term":[{"taxonomy":"category","embeddable":true,"href":"https:\/\/diariodocomercio.com.br\/mix\/wp-json\/wp\/v2\/categories?post=2592"},{"taxonomy":"post_tag","embeddable":true,"href":"https:\/\/diariodocomercio.com.br\/mix\/wp-json\/wp\/v2\/tags?post=2592"}],"curies":[{"name":"wp","href":"https:\/\/api.w.org\/{rel}","templated":true}]}}